{"id":72370,"date":"2025-11-04T16:18:07","date_gmt":"2025-11-04T16:18:07","guid":{"rendered":"https:\/\/www.europesays.com\/se\/72370\/"},"modified":"2025-11-04T16:18:07","modified_gmt":"2025-11-04T16:18:07","slug":"mikael-wiehes-liv-med-alzheimer-tankarna-pa-doden","status":"publish","type":"post","link":"https:\/\/www.europesays.com\/se\/72370\/","title":{"rendered":"Mikael Wiehes liv med alzheimer \u2013 tankarna p\u00e5 d\u00f6den"},"content":{"rendered":"<p>Publicerad 4 nov 2025 kl 17.03<\/p>\n<p>Efter en l\u00e5ng artistkarri\u00e4r har Mikael Wiehe drabbats av alzheimer.\u00a0<\/p>\n<p>Nu ber\u00e4ttar han f\u00f6r f\u00f6rsta g\u00e5ngen om tankarna p\u00e5 d\u00f6den.<\/p>\n<p>\u2013 Det \u00e4r ett bistert slut p\u00e5 den h\u00e4r sjukdomen, jag vill helst inte uppleva det, s\u00e4ger Wiehe i podcasten <a href=\"https:\/\/alzheimerlife.se\/vad-ar-meningen-med-livet-nar-jag-inte-kan-turnera\/\" rel=\"nofollow noopener\" target=\"_blank\">\u201dAlzheimer life\u201d<\/a><\/p>\n<p><img   alt=\"\"\/><\/p>\n<p>Mikael Wiehe har varit artist i \u00f6ver 65 \u00e5r.<\/p>\n<p>Foto: Johan Nilsson \/ TT \/ TT NYHETSBYR\u00c5N<\/p>\n<p>\u00d6ppna bild i helsk\u00e4rm<img loading=\"lazy\"   alt=\"\"\/><\/p>\n<p>Wiehe i samband med sitt sommarprat.<\/p>\n<p>Foto: LINA ARVIDSSON \/ SVERIGES RADIO<\/p>\n<p>\u00d6ppna bild i helsk\u00e4rm<img loading=\"lazy\"   alt=\"\"\/><\/p>\n<p>Mikael Wiehe ber\u00e4ttar om sin sjukdom.<\/p>\n<p>Foto: JENS CHRISTIAN<\/p>\n<p>\u00d6ppna bild i helsk\u00e4rm<\/p>\n<p>I sitt \u201dSommar i P1\u201d i \u00e5r ber\u00e4ttade artisten <a href=\"https:\/\/www.expressen.se\/tagg\/person\/mikael-wiehe\/\" class=\"\" rel=\"nofollow noopener\" target=\"_blank\">Mikael Wiehe<\/a>, 79, att han drabbats av alzheimer.\u00a0<\/p>\n<p>Det var under en turn\u00e9 2022 som han uppt\u00e4ckte att det var n\u00e5got som inte stod r\u00e4tt till.\u00a0<\/p>\n<p>\u2013 Pl\u00f6tsligt s\u00e5 k\u00e4nde jag en viss \u00e4ngslan n\u00e4r jag skulle g\u00e5 upp p\u00e5 scenen, ber\u00e4ttar han f\u00f6r f\u00f6rsta g\u00e5ngen i podcasten \u201dAlzheimer life\u201d.<\/p>\n<p>\u2013 Jag t\u00e4nkte att det \u00e4r n\u00e5got som inte \u00e4r som det brukar men jag vill inte veta vad.\u00a0<\/p>\n<p>V\u00e5ren 2023, efter turn\u00e9n, s\u00f6kte han \u00e4nd\u00e5 l\u00e4karv\u00e5rd och fick beskedet att han hade Alzheimers sjukdom.\u00a0<\/p>\n<p>\u2013 Jag \u00e4r en tuffing, jag \u00e4r ett barn av 50-talets syn, p\u00e5 gott och ont s\u00e5 jag t\u00e4nkte att \u00e4n s\u00e5 l\u00e4nge s\u00e5 har jag inga st\u00f6rre problem, man f\u00e5r v\u00e4l se, jag kanske har tur att jag bli \u00f6verk\u00f6rd av en sp\u00e5rvagn i G\u00f6teborg, s\u00e5 jag slipper vara med i slutskedet.<\/p>\n<p>\u2013 S\u00e5 tog jag fram mitt tidningsurklipp i mitt kassask\u00e5p d\u00e4r det stod en adress till en klinik i Schweiz d\u00e4r man kan best\u00e4mma sj\u00e4lv hur l\u00e4nge man vill vara med eller inte vill vara med.\u00a0<\/p>\n<p>M\u00c5R DU D\u00c5LIGT? H\u00c4R KAN DU F\u00c5 HJ\u00c4LP<\/p>\n<p>\u00c4r du n\u00e4rst\u00e5ende: Ta alltid sj\u00e4lvmordstankar eller planer p\u00e5 allvar. Bevara lugnet, men vidta \u00e5tg\u00e4rder.<\/p>\n<p>Prata och v\u00e5ga lyssna. Uttryck din oro och st\u00e4ll fr\u00e5gor. Ge konkreta exempel p\u00e5 varf\u00f6r du tror att det finns en sj\u00e4lvmordsrisk. Visa empati och d\u00f6m aldrig. Men vidh\u00e5ll att alla har ett eget ansvar f\u00f6r sina handlingar.<\/p>\n<p>En sj\u00e4lvmordsn\u00e4ra person beh\u00f6ver tr\u00e4ffa n\u00e5gon fr\u00e5n psykiatrin p\u00e5 en g\u00e5ng. Ring 112 eller \u00e5k till en akutmottagning. Om m\u00f6jligt \u2013 l\u00e4mna inte personen ensam.<\/p>\n<p>Sj\u00e4lvmord \u00e4r ofta impulshandlingar. Sj\u00e4lvmordsn\u00e4ra m\u00e4nniskor \u00e4r ofta ambivalenta in i det sista. Det g\u00e5r att p\u00e5verka dem. Betona att det g\u00e5r att f\u00e5 hj\u00e4lp och att saker och ting kommer att bli b\u00e4ttre.<\/p>\n<p>Ring alltid 112 om l\u00e4get \u00e4r akut.<\/p>\n<p><a href=\"https:\/\/www.bris.se\/for-vuxna\/start\/bris-vuxentelefon\/\" rel=\"nofollow noopener\" target=\"_blank\">BRIS vuxentelefon<\/a>: 077-150 50 50.<\/p>\n<p><a href=\"https:\/\/www.bris.se\/om-bris\/vart-arbete\/internationellt\/\" rel=\"nofollow noopener\" target=\"_blank\">BRIS<\/a> \u2013 Barnens hj\u00e4lptelefon Tel: 116 111.<\/p>\n<p>www.bris.se<\/p>\n<p><a href=\"https:\/\/mind.se\/hitta-hjalp\/sjalvmordslinjen\/\" rel=\"nofollow noopener\" target=\"_blank\">Sj\u00e4lvmordslinjen<\/a>: 90 101, chatt.mind.se.<\/p>\n<p><a href=\"https:\/\/www.svenskakyrkan.se\/jourhavandeprast\/ring\" rel=\"nofollow noopener\" target=\"_blank\">Jourhavande pr\u00e4st<\/a>: N\u00e5s via 112.<\/p>\n<p>F\u00f6r\u00e4ldratelefon: 020-85 20 00.<\/p>\n<p>Jourhavande kompis: 020-22 24 44.<\/p>\n<p><a href=\"https:\/\/spes.se\/\" rel=\"nofollow noopener\" target=\"_blank\">Spes<\/a> (Riksf\u00f6rbundet f\u00f6r suicidprevention och efterlevandes st\u00f6d): spes.nu.<\/p>\n<p>Telefonjouren: 020-18 18 00.<\/p>\n<p><a href=\"https:\/\/www.jourhavande-medmanniska.se\/\" rel=\"nofollow noopener\" target=\"_blank\">Jourhavande medm\u00e4nniska<\/a>: \u00a008 \u2013 702 16 80<\/p>\n<p>K\u00e4llor: <a href=\"https:\/\/mind.se\/\" rel=\"nofollow noopener\" target=\"_blank\">mind.se<\/a> och <a href=\"https:\/\/spesistockholm.se\/\" rel=\"nofollow noopener\" target=\"_blank\">www.spesistockholm.se<\/a><\/p>\n<p>Visa merNya h\u00e4lsobakslaget \u2013 fick v\u00e5rd p\u00e5 akuten<\/p>\n<p>Att avsluta livet p\u00e5 en klinik \u00e4r ett alternativ, ber\u00e4ttar Wiehe i podcasten.\u00a0<\/p>\n<p>\u2013\u00a0Jag t\u00e4nkte att om jag sitter och dreglar och inte kan k\u00e4nna igen mig sj\u00e4lv d\u00e5 vill jag inte leva l\u00e4ngre. Men vi f\u00e5r v\u00e4l se hur det blir n\u00e4r det v\u00e4l kommer till kritan.\u00a0<\/p>\n<p>Genom \u00e5ren har han g\u00e5tt igenom flera h\u00e4lsobakslag, som cancer och br\u00e5ck p\u00e5 sin aorta. H\u00e4romdagen drabbades han av \u201dTia-attack\u201d. N\u00e5got som h\u00e4nt flera g\u00e5nger f\u00f6rut.<\/p>\n<p>Den h\u00e4r g\u00e5ngen hade han g\u00e5tt och lagt sig f\u00f6r att sova middag och n\u00e4r han vaknade kunde han inte prata.\u00a0<\/p>\n<p>S\u00f6ker efter ny mening med livet<\/p>\n<p>Wiehe ber\u00e4ttar ocks\u00e5 om sorgen som pr\u00e4glat livet, om om de n\u00e4ra v\u00e4nnerna som alla g\u00e5tt bort.<\/p>\n<p>\u2013 Jag har ingen kvar som jag kan prata intimt med, det \u00e4r viktigt, utom familjen. Och jag kommer att hamna p\u00e5 samma \u00e4ldreboende som m\u00e5nga av mina kompisar.\u00a0<\/p>\n<p>\u2013\u00a0Somliga gled bara in i d\u00f6dens famn, andra var mer h\u00f6gljudda p\u00e5 slutet. Jag har sett hur det kan g\u00e5 och jag \u00e4r inte alls r\u00e4dd f\u00f6r d\u00f6den, men jag vill s\u00e5 klart inte ha ont.<\/p>\n<p>Wiehe har helt lagt musiken p\u00e5 hyllan och s\u00f6ker nu efter en ny mening i livet.\u00a0<\/p>\n<p>Han har \u00e4nnu inte hittat den.<\/p>\n<p>Artisten tr\u00e4nar nu hj\u00e4rnan genom att sjunga en text varje morgon, l\u00f6sa korsord och g\u00f6ra gymnastik.\u00a0<\/p>\n<p>I podden ber\u00e4ttar artisten om att han h\u00f6r d\u00e5ligt, vacklar lite n\u00e4r han g\u00e5r och att han ibland m\u00e5ste leta efter orden. Wiehe k\u00e4nner sig lyckligt lottad men han vet att det kommer bli v\u00e4rre.<\/p>\n<p>\u2013 I hela mitt liv har jag skojat med orden, nu \u00e4r det orden som skojar med mig, s\u00e4ger han i \u201dAlzheimer life\u201d. \u00a0<\/p>\n","protected":false},"excerpt":{"rendered":"Publicerad 4 nov 2025 kl 17.03 Efter en l\u00e5ng artistkarri\u00e4r har Mikael Wiehe drabbats av alzheimer.\u00a0 Nu ber\u00e4ttar&hellip;\n","protected":false},"author":2,"featured_media":72371,"comment_status":"","ping_status":"","sticky":false,"template":"","format":"standard","meta":{"footnotes":""},"categories":[67],"tags":[104,733,34,31,33,32,30,310,105],"class_list":{"0":"post-72370","1":"post","2":"type-post","3":"status-publish","4":"format-standard","5":"has-post-thumbnail","7":"category-underhallning","8":"tag-entertainment","9":"tag-person-mikael-wiehe","10":"tag-se","11":"tag-svenska","12":"tag-sverige","13":"tag-sweden","14":"tag-swedish","15":"tag-topic-kandisar","16":"tag-underhallning"},"share_on_mastodon":{"url":"https:\/\/pubeurope.com\/@se\/115492336775182813","error":""},"_links":{"self":[{"href":"https:\/\/www.europesays.com\/se\/wp-json\/wp\/v2\/posts\/72370","targetHints":{"allow":["GET"]}}],"collection":[{"href":"https:\/\/www.europesays.com\/se\/wp-json\/wp\/v2\/posts"}],"about":[{"href":"https:\/\/www.europesays.com\/se\/wp-json\/wp\/v2\/types\/post"}],"author":[{"embeddable":true,"href":"https:\/\/www.europesays.com\/se\/wp-json\/wp\/v2\/users\/2"}],"replies":[{"embeddable":true,"href":"https:\/\/www.europesays.com\/se\/wp-json\/wp\/v2\/comments?post=72370"}],"version-history":[{"count":0,"href":"https:\/\/www.europesays.com\/se\/wp-json\/wp\/v2\/posts\/72370\/revisions"}],"wp:featuredmedia":[{"embeddable":true,"href":"https:\/\/www.europesays.com\/se\/wp-json\/wp\/v2\/media\/72371"}],"wp:attachment":[{"href":"https:\/\/www.europesays.com\/se\/wp-json\/wp\/v2\/media?parent=72370"}],"wp:term":[{"taxonomy":"category","embeddable":true,"href":"https:\/\/www.europesays.com\/se\/wp-json\/wp\/v2\/categories?post=72370"},{"taxonomy":"post_tag","embeddable":true,"href":"https:\/\/www.europesays.com\/se\/wp-json\/wp\/v2\/tags?post=72370"}],"curies":[{"name":"wp","href":"https:\/\/api.w.org\/{rel}","templated":true}]}}