{"id":72390,"date":"2025-11-04T16:47:16","date_gmt":"2025-11-04T16:47:16","guid":{"rendered":"https:\/\/www.europesays.com\/se\/72390\/"},"modified":"2025-11-04T16:47:16","modified_gmt":"2025-11-04T16:47:16","slug":"oljefonden-sager-nej-till-elon-musks-ersattningspaket","status":"publish","type":"post","link":"https:\/\/www.europesays.com\/se\/72390\/","title":{"rendered":"Oljefonden s\u00e4ger nej till Elon Musks ers\u00e4ttningspaket"},"content":{"rendered":"<p class=\"font-sans text-base text-text-main dark:text-text-main-dark font-normal leading-[1.4]\"> Paketet uppg\u00e5r till runt 1 biljon dollar. Dess fr\u00e4msta syfte \u00e4r att st\u00e4rka Elon Musks kontroll \u00f6ver bolaget. Wall Street Journal skriver att Musk kommer f\u00e5 en ytterligare \u00e4garandel om 12 procent i Tesla om han \u00f6kar dess v\u00e4rdering till 8,5 biljoner dollar under det kommande decenniet. <\/p>\n<p>Enligt Factset uppg\u00e5r Teslas marknadsv\u00e4rde den 3 november till runt 1,71 biljoner dollar. <\/p>\n<p>Musk \u00e4r redan Teslas st\u00f6rsta aktie\u00e4gare. Norges Bank (Oljefonden) \u00e4ger runt 1,2 procent. <\/p>\n<p>Oljefonden \u00e4r den f\u00f6rsta av de institutionella \u00e4garna i Tesla som meddelat hur de kommer r\u00f6sta i fr\u00e5gan. <\/p>\n<p>Sedan tidigare har de tunga r\u00f6str\u00e5dgivarna ISS och Glass Lewis uppmanat aktie\u00e4garna till att r\u00f6sta ned f\u00f6rslaget. Teslas ordf\u00f6rande, Robyn Denholm, har i sin tur argumenterat f\u00f6r att paketet ska r\u00f6stas igenom. <\/p>\n<p>I en kommentar till beslutet skrev Glass Lewis bland annat att den potentiella utsp\u00e4dningen samt andra villkor ger anledning till oro. <\/p>\n<p>Oljefonden \u00e4r inne p\u00e5 samma linje och skriver i en kommentar att de vill s\u00f6ka en konstruktiv dialog med Tesla. <\/p>\n<p>&#8221;Vi uppskattar det betydande v\u00e4rde som skapats under Elon Musks vision\u00e4ra ledarskap, men vi \u00e4r bekymrade \u00f6ver bonusens totala storlek, utsp\u00e4dningen och bristen p\u00e5 \u00e5tg\u00e4rder f\u00f6r att minska risken f\u00f6rknippad med nyckelpersoner \u2013 i linje med v\u00e5r syn p\u00e5 ers\u00e4ttning till ledande befattningshavare&#8221;, skriver Oljefonden. <\/p>\n<p>Tesla kommer h\u00e5lla sin \u00e5rliga bolagsst\u00e4mma p\u00e5 torsdag och meddela resultatet av omr\u00f6stningen f\u00f6r ers\u00e4ttningspaketet.<br class=\"col-start-2\"\/><\/p>\n","protected":false},"excerpt":{"rendered":"Paketet uppg\u00e5r till runt 1 biljon dollar. Dess fr\u00e4msta syfte \u00e4r att st\u00e4rka Elon Musks kontroll \u00f6ver bolaget.&hellip;\n","protected":false},"author":2,"featured_media":72391,"comment_status":"","ping_status":"","sticky":false,"template":"","format":"standard","meta":{"footnotes":""},"categories":[5],"tags":[22,23,704,26,27,17,21,24,25,28,29,15,16,18,34,31,33,32,30,396,19,20],"class_list":{"0":"post-72390","1":"post","2":"type-post","3":"status-publish","4":"format-standard","5":"has-post-thumbnail","7":"category-rubriker","8":"tag-breaking-news","9":"tag-breakingnews","10":"tag-elon-musk","11":"tag-featured-news","12":"tag-featurednews","13":"tag-headlines","14":"tag-huvudnyheter","15":"tag-latest-news","16":"tag-latestnews","17":"tag-main-news","18":"tag-mainnews","19":"tag-news","20":"tag-nyheter","21":"tag-rubriker","22":"tag-se","23":"tag-svenska","24":"tag-sverige","25":"tag-sweden","26":"tag-swedish","27":"tag-tesla","28":"tag-top-stories","29":"tag-topstories"},"share_on_mastodon":{"url":"https:\/\/pubeurope.com\/@se\/115492450679650444","error":""},"_links":{"self":[{"href":"https:\/\/www.europesays.com\/se\/wp-json\/wp\/v2\/posts\/72390","targetHints":{"allow":["GET"]}}],"collection":[{"href":"https:\/\/www.europesays.com\/se\/wp-json\/wp\/v2\/posts"}],"about":[{"href":"https:\/\/www.europesays.com\/se\/wp-json\/wp\/v2\/types\/post"}],"author":[{"embeddable":true,"href":"https:\/\/www.europesays.com\/se\/wp-json\/wp\/v2\/users\/2"}],"replies":[{"embeddable":true,"href":"https:\/\/www.europesays.com\/se\/wp-json\/wp\/v2\/comments?post=72390"}],"version-history":[{"count":0,"href":"https:\/\/www.europesays.com\/se\/wp-json\/wp\/v2\/posts\/72390\/revisions"}],"wp:featuredmedia":[{"embeddable":true,"href":"https:\/\/www.europesays.com\/se\/wp-json\/wp\/v2\/media\/72391"}],"wp:attachment":[{"href":"https:\/\/www.europesays.com\/se\/wp-json\/wp\/v2\/media?parent=72390"}],"wp:term":[{"taxonomy":"category","embeddable":true,"href":"https:\/\/www.europesays.com\/se\/wp-json\/wp\/v2\/categories?post=72390"},{"taxonomy":"post_tag","embeddable":true,"href":"https:\/\/www.europesays.com\/se\/wp-json\/wp\/v2\/tags?post=72390"}],"curies":[{"name":"wp","href":"https:\/\/api.w.org\/{rel}","templated":true}]}}