{"id":72451,"date":"2025-11-04T18:44:07","date_gmt":"2025-11-04T18:44:07","guid":{"rendered":"https:\/\/www.europesays.com\/se\/72451\/"},"modified":"2025-11-04T18:44:07","modified_gmt":"2025-11-04T18:44:07","slug":"allt-svarare-att-se-att-putin-vinner","status":"publish","type":"post","link":"https:\/\/www.europesays.com\/se\/72451\/","title":{"rendered":"Allt sv\u00e5rare att se att Putin vinner"},"content":{"rendered":"<p>Tidigare stats- och utrikesminister Carl Bildt (M), aktuell med den v\u00e4rldspolitiska boken \u201dVad h\u00e4nder nu?\u201d, f\u00e5r allt sv\u00e5rare att se att Ryssland kan vinna Ukrainakriget. Det s\u00e4ger han till Aftonbladet.<\/p>\n<p>Putin har tre v\u00e4gar till seger: en milit\u00e4r seger, att Trump och Putin tvingar en \u00f6verenskommelse p\u00e5 Zelenskyj eller att Europas st\u00f6d till Ukraina fallerar. Inget av detta ser ut att ske, enligt Bildt.<\/p>\n<p>Ryssland kan forts\u00e4tta kriga i \u00e5ratal, \u00e4ven om det blir alltmer kostsamt \u2013 och det l\u00e4r de g\u00f6ra om de tror att de har m\u00f6jlighet att vinna, forts\u00e4tter han.<\/p>\n<p>\u2013 Men bara forts\u00e4tta n\u00e4r det inte leder till n\u00e5gonting? Det tror jag nog att det finns de som kommer b\u00f6rja ifr\u00e5gas\u00e4tta.<\/p>\n<p>Omni \u00e4r politiskt obundna och oberoende. Vi str\u00e4var efter att ge fler perspektiv p\u00e5 nyheterna. Har du fr\u00e5gor eller synpunkter kring v\u00e5r rapportering? <a href=\"https:\/\/omni.se\/carl-bildt-allt-svarare-att-se-att-putin-vinner\/a\/mailto:redaktion@omni.se\" class=\"ArticleActions_contactLink__W2F1M\" rel=\"nofollow noopener\" target=\"_blank\">Kontakta redaktionen<\/a><\/p>\n","protected":false},"excerpt":{"rendered":"Tidigare stats- och utrikesminister Carl Bildt (M), aktuell med den v\u00e4rldspolitiska boken \u201dVad h\u00e4nder nu?\u201d, f\u00e5r allt sv\u00e5rare&hellip;\n","protected":false},"author":2,"featured_media":72452,"comment_status":"","ping_status":"","sticky":false,"template":"","format":"standard","meta":{"footnotes":""},"categories":[14],"tags":[22,23,6438,267,26,27,17,21,24,25,28,29,551,15,16,18,269,264,34,31,33,32,30,19,20,263,51,52,53,54],"class_list":{"0":"post-72451","1":"post","2":"type-post","3":"status-publish","4":"format-standard","5":"has-post-thumbnail","7":"category-varlden","8":"tag-breaking-news","9":"tag-breakingnews","10":"tag-carl-bildt","11":"tag-europa","12":"tag-featured-news","13":"tag-featurednews","14":"tag-headlines","15":"tag-huvudnyheter","16":"tag-latest-news","17":"tag-latestnews","18":"tag-main-news","19":"tag-mainnews","20":"tag-moderaterna","21":"tag-news","22":"tag-nyheter","23":"tag-rubriker","24":"tag-ryska-invasionen","25":"tag-ryssland","26":"tag-se","27":"tag-svenska","28":"tag-sverige","29":"tag-sweden","30":"tag-swedish","31":"tag-top-stories","32":"tag-topstories","33":"tag-ukraina","34":"tag-varlden","35":"tag-world","36":"tag-world-news","37":"tag-worldnews"},"share_on_mastodon":{"url":"https:\/\/pubeurope.com\/@se\/115492910685966823","error":""},"_links":{"self":[{"href":"https:\/\/www.europesays.com\/se\/wp-json\/wp\/v2\/posts\/72451","targetHints":{"allow":["GET"]}}],"collection":[{"href":"https:\/\/www.europesays.com\/se\/wp-json\/wp\/v2\/posts"}],"about":[{"href":"https:\/\/www.europesays.com\/se\/wp-json\/wp\/v2\/types\/post"}],"author":[{"embeddable":true,"href":"https:\/\/www.europesays.com\/se\/wp-json\/wp\/v2\/users\/2"}],"replies":[{"embeddable":true,"href":"https:\/\/www.europesays.com\/se\/wp-json\/wp\/v2\/comments?post=72451"}],"version-history":[{"count":0,"href":"https:\/\/www.europesays.com\/se\/wp-json\/wp\/v2\/posts\/72451\/revisions"}],"wp:featuredmedia":[{"embeddable":true,"href":"https:\/\/www.europesays.com\/se\/wp-json\/wp\/v2\/media\/72452"}],"wp:attachment":[{"href":"https:\/\/www.europesays.com\/se\/wp-json\/wp\/v2\/media?parent=72451"}],"wp:term":[{"taxonomy":"category","embeddable":true,"href":"https:\/\/www.europesays.com\/se\/wp-json\/wp\/v2\/categories?post=72451"},{"taxonomy":"post_tag","embeddable":true,"href":"https:\/\/www.europesays.com\/se\/wp-json\/wp\/v2\/tags?post=72451"}],"curies":[{"name":"wp","href":"https:\/\/api.w.org\/{rel}","templated":true}]}}