{"id":72488,"date":"2025-11-04T19:51:20","date_gmt":"2025-11-04T19:51:20","guid":{"rendered":"https:\/\/www.europesays.com\/se\/72488\/"},"modified":"2025-11-04T19:51:20","modified_gmt":"2025-11-04T19:51:20","slug":"emma-lindback-blir-cheflakare-pa-sodersjukhuset-2026","status":"publish","type":"post","link":"https:\/\/www.europesays.com\/se\/72488\/","title":{"rendered":"Emma Lindb\u00e4ck blir chefl\u00e4kare p\u00e5 S\u00f6dersjukhuset 2026"},"content":{"rendered":"<p class=\"css-176tai e1uki5l82\"><strong>Emma Lindb\u00e4ck gjorde sin AT <\/strong>p\u00e5 S\u00f6dersjukhuset och har sedan 2017 haft flera chefsuppdrag p\u00e5 sjukhuset, bland annat som l\u00e4karchef p\u00e5 internmedicin och verksamhetschef f\u00f6r infektionskliniken\/venh\u00e4lsan. Hon \u00e4r specialist i klinisk bakteriologi och disputerad inom omr\u00e5det, enligt ett <a rel=\"noopener noreferrer nofollow\" target=\"_blank\" href=\"https:\/\/www.mynewsdesk.com\/se\/sodersjukhuset\/pressreleases\/emma-lindbaeck-ny-cheflaekare-paa-soedersjukhuset-3414041\">pressmeddelande<\/a>. <\/p>\n<p class=\"css-176tai e1uki5l82\">I sin nya roll ing\u00e5r Emma Lindb\u00e4ck i chefl\u00e4karfunktionen tillsammans med Annelie Liljegren och kommer att arbeta med patients\u00e4kerhet och strategiska fr\u00e5gor p\u00e5 sjukhuset. <\/p>\n<p class=\"css-176tai e1uki5l82\">\u2013 Med sin bakgrund som verksamhetsomr\u00e5deschef f\u00f6r specialistv\u00e5rden har hon f\u00f6rst\u00e5else f\u00f6r b\u00e5de det kliniska arbetet och de strategiska fr\u00e5gor som driver v\u00e5rdens framsteg. Sjukhuset st\u00e5r inf\u00f6r en sp\u00e4nnande fas med v\u00e5r nya organisation, d\u00e4r Emma Lindb\u00e4cks kompetens kommer att spela en viktig roll, s\u00e4ger sjukhusdirekt\u00f6r Karouk Said i pressmeddelandet.<\/p>\n<p class=\"css-176tai e1uki5l82\">Emma Lindb\u00e4ck tilltr\u00e4der som chefl\u00e4kare januari n\u00e4sta \u00e5r och eftertr\u00e4der d\u00e5 Sven Klaesson som blir direkt\u00f6r f\u00f6r produktion och utveckling.<\/p>\n<p class=\"css-176tai e1uki5l82\"><strong>L\u00e4s mer: <\/strong><strong><a href=\"https:\/\/www.dagensmedicin.se\/specialistomraden\/geriatrik\/sodersjukhuset-inviger-unik-snabbsparsenhet-for-aldre\/\" rel=\"nofollow noopener\" target=\"_blank\">S\u00f6dersjukhuset inviger unik snabbsp\u00e5rsenhet f\u00f6r \u00e4ldre<\/a><\/strong><\/p>\n","protected":false},"excerpt":{"rendered":"Emma Lindb\u00e4ck gjorde sin AT p\u00e5 S\u00f6dersjukhuset och har sedan 2017 haft flera chefsuppdrag p\u00e5 sjukhuset, bland annat&hellip;\n","protected":false},"author":2,"featured_media":72489,"comment_status":"","ping_status":"","sticky":false,"template":"","format":"standard","meta":{"footnotes":""},"categories":[69],"tags":[113,112,34,31,33,32,30],"class_list":{"0":"post-72488","1":"post","2":"type-post","3":"status-publish","4":"format-standard","5":"has-post-thumbnail","7":"category-halsa","8":"tag-halsa","9":"tag-health","10":"tag-se","11":"tag-svenska","12":"tag-sverige","13":"tag-sweden","14":"tag-swedish"},"share_on_mastodon":{"url":"https:\/\/pubeurope.com\/@se\/115493174300172134","error":""},"_links":{"self":[{"href":"https:\/\/www.europesays.com\/se\/wp-json\/wp\/v2\/posts\/72488","targetHints":{"allow":["GET"]}}],"collection":[{"href":"https:\/\/www.europesays.com\/se\/wp-json\/wp\/v2\/posts"}],"about":[{"href":"https:\/\/www.europesays.com\/se\/wp-json\/wp\/v2\/types\/post"}],"author":[{"embeddable":true,"href":"https:\/\/www.europesays.com\/se\/wp-json\/wp\/v2\/users\/2"}],"replies":[{"embeddable":true,"href":"https:\/\/www.europesays.com\/se\/wp-json\/wp\/v2\/comments?post=72488"}],"version-history":[{"count":0,"href":"https:\/\/www.europesays.com\/se\/wp-json\/wp\/v2\/posts\/72488\/revisions"}],"wp:featuredmedia":[{"embeddable":true,"href":"https:\/\/www.europesays.com\/se\/wp-json\/wp\/v2\/media\/72489"}],"wp:attachment":[{"href":"https:\/\/www.europesays.com\/se\/wp-json\/wp\/v2\/media?parent=72488"}],"wp:term":[{"taxonomy":"category","embeddable":true,"href":"https:\/\/www.europesays.com\/se\/wp-json\/wp\/v2\/categories?post=72488"},{"taxonomy":"post_tag","embeddable":true,"href":"https:\/\/www.europesays.com\/se\/wp-json\/wp\/v2\/tags?post=72488"}],"curies":[{"name":"wp","href":"https:\/\/api.w.org\/{rel}","templated":true}]}}