{"id":72496,"date":"2025-11-04T20:12:11","date_gmt":"2025-11-04T20:12:11","guid":{"rendered":"https:\/\/www.europesays.com\/se\/72496\/"},"modified":"2025-11-04T20:12:11","modified_gmt":"2025-11-04T20:12:11","slug":"ryska-oljeleveranser-till-havs-rasar-efter-nya-usa-sanktioner","status":"publish","type":"post","link":"https:\/\/www.europesays.com\/se\/72496\/","title":{"rendered":"Ryska oljeleveranser till havs rasar efter nya USA-sanktioner"},"content":{"rendered":"<p>&#13;<br \/>\n                        Enligt data som Bloombergs samlat in uppgick fyraveckorssnittet till 3,58 miljoner fat per dag till den 2 november, en minskning med cirka 190 000 fat j\u00e4mf\u00f6rt med f\u00f6reg\u00e5ende period. <\/p>\n<p>Samtidigt har m\u00e4ngden rysk olja till havs stigit till \u00f6ver 380 miljoner fat, upp \u00e5tta procent sedan september, d\u00e5 raffinaderier drar sig f\u00f6r att ta emot leveranser. <\/p>\n<p>Indien, Kina och Turkiet st\u00e5r tillsammans f\u00f6r \u00f6ver 95 procent av exporten.&#13;\n                    <\/p>\n","protected":false},"excerpt":{"rendered":"&#13; Enligt data som Bloombergs samlat in uppgick fyraveckorssnittet till 3,58 miljoner fat per dag till den 2&hellip;\n","protected":false},"author":2,"featured_media":72497,"comment_status":"","ping_status":"","sticky":false,"template":"","format":"standard","meta":{"footnotes":""},"categories":[14],"tags":[22,23,454,26,27,453,451,17,21,452,24,25,28,29,15,16,18,34,31,33,32,30,19,20,455,51,52,53,54],"class_list":{"0":"post-72496","1":"post","2":"type-post","3":"status-publish","4":"format-standard","5":"has-post-thumbnail","7":"category-varlden","8":"tag-breaking-news","9":"tag-breakingnews","10":"tag-ekonomisk-analys","11":"tag-featured-news","12":"tag-featurednews","13":"tag-finans","14":"tag-finansiella-nyheter","15":"tag-headlines","16":"tag-huvudnyheter","17":"tag-investera","18":"tag-latest-news","19":"tag-latestnews","20":"tag-main-news","21":"tag-mainnews","22":"tag-news","23":"tag-nyheter","24":"tag-rubriker","25":"tag-se","26":"tag-svenska","27":"tag-sverige","28":"tag-sweden","29":"tag-swedish","30":"tag-top-stories","31":"tag-topstories","32":"tag-trading","33":"tag-varlden","34":"tag-world","35":"tag-world-news","36":"tag-worldnews"},"share_on_mastodon":{"url":"https:\/\/pubeurope.com\/@se\/115493256741494950","error":""},"_links":{"self":[{"href":"https:\/\/www.europesays.com\/se\/wp-json\/wp\/v2\/posts\/72496","targetHints":{"allow":["GET"]}}],"collection":[{"href":"https:\/\/www.europesays.com\/se\/wp-json\/wp\/v2\/posts"}],"about":[{"href":"https:\/\/www.europesays.com\/se\/wp-json\/wp\/v2\/types\/post"}],"author":[{"embeddable":true,"href":"https:\/\/www.europesays.com\/se\/wp-json\/wp\/v2\/users\/2"}],"replies":[{"embeddable":true,"href":"https:\/\/www.europesays.com\/se\/wp-json\/wp\/v2\/comments?post=72496"}],"version-history":[{"count":0,"href":"https:\/\/www.europesays.com\/se\/wp-json\/wp\/v2\/posts\/72496\/revisions"}],"wp:featuredmedia":[{"embeddable":true,"href":"https:\/\/www.europesays.com\/se\/wp-json\/wp\/v2\/media\/72497"}],"wp:attachment":[{"href":"https:\/\/www.europesays.com\/se\/wp-json\/wp\/v2\/media?parent=72496"}],"wp:term":[{"taxonomy":"category","embeddable":true,"href":"https:\/\/www.europesays.com\/se\/wp-json\/wp\/v2\/categories?post=72496"},{"taxonomy":"post_tag","embeddable":true,"href":"https:\/\/www.europesays.com\/se\/wp-json\/wp\/v2\/tags?post=72496"}],"curies":[{"name":"wp","href":"https:\/\/api.w.org\/{rel}","templated":true}]}}