{"id":72516,"date":"2025-11-04T20:38:26","date_gmt":"2025-11-04T20:38:26","guid":{"rendered":"https:\/\/www.europesays.com\/se\/72516\/"},"modified":"2025-11-04T20:38:26","modified_gmt":"2025-11-04T20:38:26","slug":"pressinbjudan-atal-i-arende-om-forberedelse-till-terroristbrott-i-stockholm","status":"publish","type":"post","link":"https:\/\/www.europesays.com\/se\/72516\/","title":{"rendered":"Pressinbjudan: \u00c5tal i \u00e4rende om f\u00f6rberedelse till terroristbrott i Stockholm"},"content":{"rendered":"<p>F\u00f6rberedelse till terroristbrott i Stockholm har enligt \u00e5klagarna skett fr\u00e5n augusti 2024 till februari 2025.<\/p>\n<p>\u2013 Vi menar att syftet med f\u00f6rberedelserna har varit att i Islamiska statens namn injaga allvarlig fruktan hos befolkningen. Den brottsliga g\u00e4rningen hade allvarligt kunnat skada Sverige, s\u00e4ger vice chefs\u00e5klagare Henrik Olin.<\/p>\n<p>18-\u00e5ringen misst\u00e4nks \u00e4ven f\u00f6r f\u00f6rberedelse till brott mot lagen om brandfarliga och explosiva varor, grovt brott och utbildning f\u00f6r terrorism, grovt brott. B\u00e5da \u00e4r ocks\u00e5 misst\u00e4nkta f\u00f6r deltagande i terroristorganisation, grovt brott.<\/p>\n<p>S\u00e4kerhetspolisen har bedrivit f\u00f6runders\u00f6kningen under ledning av \u00e5klagare p\u00e5 Riksenheten f\u00f6r s\u00e4kerhetsm\u00e5l.<\/p>\n<p>M\u00e5lnummer i Stockholms tingsr\u00e4tt: B 2819-25.<\/p>\n<p>Tid och plats<\/p>\n<p>Presstr\u00e4ffen \u00e4ger rum torsdag den 6 november kl. 13 p\u00e5 Klara Konferens, Klarabergsviadukten 90, Stockholm. Insl\u00e4pp fr\u00e5n kl. 12.30.<\/p>\n<p>Medverkande<\/p>\n<p>Henrik Olin, vice chefs\u00e5klagare.<\/p>\n<p>Carl Mellberg, senior \u00e5klagare.<\/p>\n<p>Anm\u00e4lan kr\u00e4vs<\/p>\n<p>Anm\u00e4l dig senast den 5 november kl. 15 till <a href=\"http:\/\/www.aklagare.se\/cdn-cgi\/l\/email-protection#fe8e8c9b8d8dbe9f95929f999f8c9bd08d9b\" rel=\"nofollow noopener\" target=\"_blank\">[email\u00a0protected]<\/a>. Medtag legitimation. Antalet platser \u00e4r begr\u00e4nsat och \u00c5klagarmyndigheten f\u00f6rbeh\u00e5ller sig r\u00e4tten att f\u00f6rdela tillg\u00e4ngliga platser.<\/p>\n<p>Presstr\u00e4ffen kommer att h\u00e5llas p\u00e5 svenska. Efter presstr\u00e4ffen finns m\u00f6jlighet till enskilda intervjuer p\u00e5 svenska och engelska.<\/p>\n<p>\u00c5klagarna \u00e4r ocks\u00e5 tillg\u00e4ngliga f\u00f6r korta telefonintervjuer efter presstr\u00e4ffen, mejla till <a href=\"http:\/\/www.aklagare.se\/cdn-cgi\/l\/email-protection#92e2e0f7e1e1d2f3f9fef3f5f3e0f7bce1f7\" rel=\"nofollow noopener\" target=\"_blank\">[email\u00a0protected]<\/a> s\u00e5 \u00e5terkommer vi med tid f\u00f6r telefonintervju.<\/p>\n<p>Presstr\u00e4ffen kommer inte s\u00e4ndas digitalt.<\/p>\n<p>\u00c5klagarna \u00e4r inte tillg\u00e4ngliga f\u00f6r media innan presstr\u00e4ffen. N\u00e4sta tillf\u00e4lle som \u00e5klagarna \u00e4r tillg\u00e4ngliga \u00e4r n\u00e4r dom har meddelats.<\/p>\n","protected":false},"excerpt":{"rendered":"F\u00f6rberedelse till terroristbrott i Stockholm har enligt \u00e5klagarna skett fr\u00e5n augusti 2024 till februari 2025. \u2013 Vi menar&hellip;\n","protected":false},"author":2,"featured_media":5946,"comment_status":"","ping_status":"","sticky":false,"template":"","format":"standard","meta":{"footnotes":""},"categories":[5],"tags":[980,979,22,23,26,27,17,21,24,25,28,29,15,16,18,34,31,33,32,30,19,20],"class_list":{"0":"post-72516","1":"post","2":"type-post","3":"status-publish","4":"format-standard","5":"has-post-thumbnail","7":"category-rubriker","8":"tag-klagarmyndigheten","9":"tag-klagare","10":"tag-breaking-news","11":"tag-breakingnews","12":"tag-featured-news","13":"tag-featurednews","14":"tag-headlines","15":"tag-huvudnyheter","16":"tag-latest-news","17":"tag-latestnews","18":"tag-main-news","19":"tag-mainnews","20":"tag-news","21":"tag-nyheter","22":"tag-rubriker","23":"tag-se","24":"tag-svenska","25":"tag-sverige","26":"tag-sweden","27":"tag-swedish","28":"tag-top-stories","29":"tag-topstories"},"share_on_mastodon":{"url":"https:\/\/pubeurope.com\/@se\/115493358978517802","error":""},"_links":{"self":[{"href":"https:\/\/www.europesays.com\/se\/wp-json\/wp\/v2\/posts\/72516","targetHints":{"allow":["GET"]}}],"collection":[{"href":"https:\/\/www.europesays.com\/se\/wp-json\/wp\/v2\/posts"}],"about":[{"href":"https:\/\/www.europesays.com\/se\/wp-json\/wp\/v2\/types\/post"}],"author":[{"embeddable":true,"href":"https:\/\/www.europesays.com\/se\/wp-json\/wp\/v2\/users\/2"}],"replies":[{"embeddable":true,"href":"https:\/\/www.europesays.com\/se\/wp-json\/wp\/v2\/comments?post=72516"}],"version-history":[{"count":0,"href":"https:\/\/www.europesays.com\/se\/wp-json\/wp\/v2\/posts\/72516\/revisions"}],"wp:featuredmedia":[{"embeddable":true,"href":"https:\/\/www.europesays.com\/se\/wp-json\/wp\/v2\/media\/5946"}],"wp:attachment":[{"href":"https:\/\/www.europesays.com\/se\/wp-json\/wp\/v2\/media?parent=72516"}],"wp:term":[{"taxonomy":"category","embeddable":true,"href":"https:\/\/www.europesays.com\/se\/wp-json\/wp\/v2\/categories?post=72516"},{"taxonomy":"post_tag","embeddable":true,"href":"https:\/\/www.europesays.com\/se\/wp-json\/wp\/v2\/tags?post=72516"}],"curies":[{"name":"wp","href":"https:\/\/api.w.org\/{rel}","templated":true}]}}