{"id":72517,"date":"2025-11-04T20:40:21","date_gmt":"2025-11-04T20:40:21","guid":{"rendered":"https:\/\/www.europesays.com\/se\/72517\/"},"modified":"2025-11-04T20:40:21","modified_gmt":"2025-11-04T20:40:21","slug":"tidigare-nhl-stjarna-anklagas-blaste-flickvannen-for-betting-pengar-nhl","status":"publish","type":"post","link":"https:\/\/www.europesays.com\/se\/72517\/","title":{"rendered":"Tidigare NHL-stj\u00e4rna anklagas: Bl\u00e5ste flickv\u00e4nnen f\u00f6r betting-pengar | NHL"},"content":{"rendered":"<p>Publicerad 3 nov 2025 kl 22.40Uppdaterad 4 nov kl 07.13<\/p>\n<p>Den f\u00f6rre NHL-spelaren Arthur Kaliyev, 24, anklagas f\u00f6r att ha bl\u00e5st sin exflickv\u00e4n.<\/p>\n<p>F\u00f6r att finansiera ett spelberoende.<\/p>\n<p>\u2013 Varje g\u00e5ng jag tog upp spelandet blev han galen, s\u00e4ger Lauren Mochen, 21.<\/p>\n<p><img   alt=\"\"\/><\/p>\n<p>Arthur Kaliyev, 24.<\/p>\n<p>Foto: ROBERT EDWARDS \/ USA TODAY Sports \/ BILDBYR\u00c5N<\/p>\n<p>\u00d6ppna bild i helsk\u00e4rm<img loading=\"lazy\"   alt=\"\"\/><\/p>\n<p>Lauren Mochen, 21.<\/p>\n<p>Foto: Instagram<\/p>\n<p>\u00d6ppna bild i helsk\u00e4rm<\/p>\n<p>Lauren Mochen p\u00e5st\u00e5r att Arthur Kaliyev stal runt 50 000 dollar av henne.<\/p>\n<p>F\u00f6r <a href=\"https:\/\/nypost.com\/2025\/11\/03\/sports\/former-ranger-arthur-kaliyev-conned-me-out-of-thousands-and-owes-money-around-nhl-model-ex-girlfriend\/\" rel=\"nofollow noopener\" target=\"_blank\">New York Post<\/a> ber\u00e4ttar nu Mochen att det berodde p\u00e5 ett l\u00e5ngtg\u00e5ende spelberoende.<\/p>\n<p>Det var sommaren 2023 som hon fick de f\u00f6rsta varningssignalerna. D\u00e5 spelade Arthur Kaliyev f\u00f6r Los Angeles Kings.<\/p>\n<p>\u2013 Han gjorde en del konstiga saker. Om tv:n var p\u00e5, och det inte var en match, var tv:n tvungen att vara avst\u00e4ngd. Han v\u00e4grade att titta p\u00e5 n\u00e5got annat \u00e4n sport, s\u00e4ger Mochen.<\/p>\n<p>\u2013 Han betedde sig som om han hade lagt ett bet p\u00e5 varenda match som visades p\u00e5 tv:n. Han satt d\u00e4r och kollade sin telefon och v\u00e4xlade mellan matcherna.<\/p>\n<p>Vittnar om psykiskt v\u00e5ld: \u201dHan hoppas att jag d\u00f6r\u201d<\/p>\n<p>Vidare uppt\u00e4ckte Lauren Mochen att pengar f\u00f6rsvann fr\u00e5n hennes privata bankkonton. N\u00e4r hon tog upp spelandet och <a href=\"https:\/\/www.expressen.se\/tagg\/organization\/nhl\/\" class=\"\" rel=\"nofollow noopener\" target=\"_blank\">NHL<\/a>:s spelarst\u00f6dsprogram tappade Kaliyev fattningen.<\/p>\n<p>\u2013 Varje g\u00e5ng jag tog upp spelandet blev han galen. Han skrek \u00e5t mig att jag var en skitst\u00f6vel. Han hoppas att jag d\u00f6r. Han hoppas att jag blir p\u00e5k\u00f6rd av en bil. Bara f\u00f6r att jag fr\u00e5gade om han spelar.<\/p>\n<p>Mochen h\u00e4vdar att hon kommer v\u00e4cka \u00e5tal. H\u00e4ndelserna har inte pr\u00f6vats i domstol.\u00a0<\/p>\n<p>Arthur Kaliyev har, ut\u00f6ver LA Kings, representerat New York Rangers och Ottawa Senators. F\u00f6r n\u00e4rvarande spelar han f\u00f6r AHL-klubben Belleville Senators.<\/p>\n","protected":false},"excerpt":{"rendered":"Publicerad 3 nov 2025 kl 22.40Uppdaterad 4 nov kl 07.13 Den f\u00f6rre NHL-spelaren Arthur Kaliyev, 24, anklagas f\u00f6r&hellip;\n","protected":false},"author":2,"featured_media":72518,"comment_status":"","ping_status":"","sticky":false,"template":"","format":"standard","meta":{"footnotes":""},"categories":[68],"tags":[421,34,255,256,111,110,31,33,32,30],"class_list":{"0":"post-72517","1":"post","2":"type-post","3":"status-publish","4":"format-standard","5":"has-post-thumbnail","7":"category-sport","8":"tag-organization-nhl","9":"tag-se","10":"tag-sections-ishockey","11":"tag-sections-nhl","12":"tag-sport","13":"tag-sports","14":"tag-svenska","15":"tag-sverige","16":"tag-sweden","17":"tag-swedish"},"share_on_mastodon":{"url":"https:\/\/pubeurope.com\/@se\/115493366895762093","error":""},"_links":{"self":[{"href":"https:\/\/www.europesays.com\/se\/wp-json\/wp\/v2\/posts\/72517","targetHints":{"allow":["GET"]}}],"collection":[{"href":"https:\/\/www.europesays.com\/se\/wp-json\/wp\/v2\/posts"}],"about":[{"href":"https:\/\/www.europesays.com\/se\/wp-json\/wp\/v2\/types\/post"}],"author":[{"embeddable":true,"href":"https:\/\/www.europesays.com\/se\/wp-json\/wp\/v2\/users\/2"}],"replies":[{"embeddable":true,"href":"https:\/\/www.europesays.com\/se\/wp-json\/wp\/v2\/comments?post=72517"}],"version-history":[{"count":0,"href":"https:\/\/www.europesays.com\/se\/wp-json\/wp\/v2\/posts\/72517\/revisions"}],"wp:featuredmedia":[{"embeddable":true,"href":"https:\/\/www.europesays.com\/se\/wp-json\/wp\/v2\/media\/72518"}],"wp:attachment":[{"href":"https:\/\/www.europesays.com\/se\/wp-json\/wp\/v2\/media?parent=72517"}],"wp:term":[{"taxonomy":"category","embeddable":true,"href":"https:\/\/www.europesays.com\/se\/wp-json\/wp\/v2\/categories?post=72517"},{"taxonomy":"post_tag","embeddable":true,"href":"https:\/\/www.europesays.com\/se\/wp-json\/wp\/v2\/tags?post=72517"}],"curies":[{"name":"wp","href":"https:\/\/api.w.org\/{rel}","templated":true}]}}