{"id":72519,"date":"2025-11-04T20:46:09","date_gmt":"2025-11-04T20:46:09","guid":{"rendered":"https:\/\/www.europesays.com\/se\/72519\/"},"modified":"2025-11-04T20:46:09","modified_gmt":"2025-11-04T20:46:09","slug":"olivia-schough-opererad-efter-draplig-olycka","status":"publish","type":"post","link":"https:\/\/www.europesays.com\/se\/72519\/","title":{"rendered":"Olivia Schough opererad efter dr\u00e5plig olycka"},"content":{"rendered":"<p>Publicerad 4 nov 2025 kl 20.29<\/p>\n<p>Oliva Schough har tvingats till operation.<\/p>\n<p>Anledningen? Hon snubblade under ett tr\u00e4ningspass.<\/p>\n<p><img   alt=\"\"\/>\u00d6ppna bild i helsk\u00e4rm<img loading=\"lazy\"   alt=\"\"\/>\u00d6ppna bild i helsk\u00e4rm<\/p>\n<p>Det finns ett antal exempel p\u00e5 dr\u00e5pliga skador inom idrottsv\u00e4rlden. Basketlegendaren Michael Jordan skadade fingret p\u00e5 en cigarrsk\u00e4rare och den tidigare spanske fotbollsm\u00e5lvakten Santiago Canizares missade VM efter att ha tappat en parfymflaska och gjort illa foten.<\/p>\n<p>Oliva Schoughs senaste skada \u00e4r inte riktigt p\u00e5 samma niv\u00e5, men man f\u00e5r trots allt klassa den som en dr\u00e5plig s\u00e5dan.<\/p>\n<p>Tvingad till operation<\/p>\n<p>P\u00e5 Instagram delar Schough, numera i Inter, n\u00e4mligen med sig av informationen att hon skadat handen riktigt illa \u2013 efter att ha snubblat p\u00e5 koner under tr\u00e4ningen. Schough \u00e5drog sig en fraktur i v\u00e4nsterhanden.<\/p>\n<p>Svenskan tvingades till operation, en operation som klubben kommunicerat g\u00e5tt som planerat.<\/p>\n<p>I och med skadan \u00e4r det h\u00f6gst troligt att hon inte spelar mot BK H\u00e4cken i Europa Cup den 12 november.<\/p>\n<p>Nu v\u00e4ntar rehabilitering f\u00f6r Schough. Hur l\u00e5ng tid det tar f\u00f6r henne att \u00e5terv\u00e4nda till fotbollsplanen \u00e5terst\u00e5r att se.\u00a0<\/p>\n","protected":false},"excerpt":{"rendered":"Publicerad 4 nov 2025 kl 20.29 Oliva Schough har tvingats till operation. Anledningen? Hon snubblade under ett tr\u00e4ningspass.&hellip;\n","protected":false},"author":2,"featured_media":72520,"comment_status":"","ping_status":"","sticky":false,"template":"","format":"standard","meta":{"footnotes":""},"categories":[5],"tags":[22,23,26,27,17,21,24,25,28,29,15,16,18,34,226,129,31,33,32,30,19,20],"class_list":{"0":"post-72519","1":"post","2":"type-post","3":"status-publish","4":"format-standard","5":"has-post-thumbnail","7":"category-rubriker","8":"tag-breaking-news","9":"tag-breakingnews","10":"tag-featured-news","11":"tag-featurednews","12":"tag-headlines","13":"tag-huvudnyheter","14":"tag-latest-news","15":"tag-latestnews","16":"tag-main-news","17":"tag-mainnews","18":"tag-news","19":"tag-nyheter","20":"tag-rubriker","21":"tag-se","22":"tag-sections-damallsvenskan","23":"tag-sections-fotboll","24":"tag-svenska","25":"tag-sverige","26":"tag-sweden","27":"tag-swedish","28":"tag-top-stories","29":"tag-topstories"},"share_on_mastodon":{"url":"https:\/\/pubeurope.com\/@se\/115493390440408454","error":""},"_links":{"self":[{"href":"https:\/\/www.europesays.com\/se\/wp-json\/wp\/v2\/posts\/72519","targetHints":{"allow":["GET"]}}],"collection":[{"href":"https:\/\/www.europesays.com\/se\/wp-json\/wp\/v2\/posts"}],"about":[{"href":"https:\/\/www.europesays.com\/se\/wp-json\/wp\/v2\/types\/post"}],"author":[{"embeddable":true,"href":"https:\/\/www.europesays.com\/se\/wp-json\/wp\/v2\/users\/2"}],"replies":[{"embeddable":true,"href":"https:\/\/www.europesays.com\/se\/wp-json\/wp\/v2\/comments?post=72519"}],"version-history":[{"count":0,"href":"https:\/\/www.europesays.com\/se\/wp-json\/wp\/v2\/posts\/72519\/revisions"}],"wp:featuredmedia":[{"embeddable":true,"href":"https:\/\/www.europesays.com\/se\/wp-json\/wp\/v2\/media\/72520"}],"wp:attachment":[{"href":"https:\/\/www.europesays.com\/se\/wp-json\/wp\/v2\/media?parent=72519"}],"wp:term":[{"taxonomy":"category","embeddable":true,"href":"https:\/\/www.europesays.com\/se\/wp-json\/wp\/v2\/categories?post=72519"},{"taxonomy":"post_tag","embeddable":true,"href":"https:\/\/www.europesays.com\/se\/wp-json\/wp\/v2\/tags?post=72519"}],"curies":[{"name":"wp","href":"https:\/\/api.w.org\/{rel}","templated":true}]}}