{"id":72524,"date":"2025-11-04T20:54:16","date_gmt":"2025-11-04T20:54:16","guid":{"rendered":"https:\/\/www.europesays.com\/se\/72524\/"},"modified":"2025-11-04T20:54:16","modified_gmt":"2025-11-04T20:54:16","slug":"miljoner-pa-flykt-i-sudan-sverige-tar-inte-emot-fler-asylsokande","status":"publish","type":"post","link":"https:\/\/www.europesays.com\/se\/72524\/","title":{"rendered":"Miljoner p\u00e5 flykt i Sudan \u2013 Sverige tar inte emot fler asyls\u00f6kande"},"content":{"rendered":"<p>Publicerad 4 nov 2025 kl 17.20Uppdaterad kl 18.20<\/p>\n<p>Kriget i Sudan beskrivs som v\u00e4rldens v\u00e4rsta humanit\u00e4ra kris och har tvingat miljontals p\u00e5 flykt.\u00a0<\/p>\n<p>Men Sverige ska inte ta emot fler asyls\u00f6kande.<\/p>\n<p>\u201dV\u00e5r \u00e5tstramning av migrationspolitiken m\u00e5ste forts\u00e4tta\u201d, skriver migrationsminister Johan Forssell till Expressen.<\/p>\n<p><img   alt=\"\"\/><\/p>\n<p>Isabella Olsson, L\u00e4karmissionen.<\/p>\n<p>Foto: LM International<\/p>\n<p>\u00d6ppna bild i helsk\u00e4rm<img loading=\"lazy\"   alt=\"\"\/><\/p>\n<p>Migrationsminister Johan Forssell.<\/p>\n<p>Foto: Jessica Gow\/TT \/ TT NYHETSBYR\u00c5N \/ JESSICA GOW<\/p>\n<p>\u00d6ppna bild i helsk\u00e4rm<img loading=\"lazy\"   alt=\"\"\/><\/p>\n<p>F\u00f6rdrivna familjer fr\u00e5n striderna i El-Fasher har flytt till Al Dabbah i norra Sudan, d\u00e4r de lever under sv\u00e5ra f\u00f6rh\u00e5llanden.<\/p>\n<p>Foto: AA \/ STELLA PICTURES<\/p>\n<p>\u00d6ppna bild i helsk\u00e4rmArtikeln i korthet<\/p>\n<p> Miljoner m\u00e4nniskor har tvingats fly fr\u00e5n kriget i Sudan.<\/p>\n<p> Sverige ger bist\u00e5nd men tar inte emot fler asyls\u00f6kande.<\/p>\n<p> Migrationsminister Johan Forssell: \u201d\u00c5tstramningen m\u00e5ste forts\u00e4tta\u201d.<\/p>\n<p>Visa mer<\/p>\n<p>Sudan befinner sig i v\u00e4rldens v\u00e4rsta humanit\u00e4ra kris. Den paramilit\u00e4ra milisen RSF har <a href=\"https:\/\/www.expressen.se\/nyheter\/varlden\/skrackvalde-i-sudanesiska-staden\/\" rel=\"nofollow noopener\" target=\"_blank\">tagit kontroll \u00f6ver al-Fashir<\/a>, den sista regeringsh\u00e5llna f\u00e4stningen i Darfur.\u00a0<\/p>\n<p>Krisen skenar bortom all kontroll, varnar FN:s generalsekreterare Ant\u00f3nio Guterres.\u00a0<\/p>\n<p>\u2013 Det finns kontinuerliga rapporter om brott mot internationell lag och m\u00e4nskliga r\u00e4ttigheter, s\u00e4ger han.<\/p>\n<p>FN uppskattar att \u00f6ver 14 miljoner m\u00e4nniskor har tvingats l\u00e4mna sina hem \u2013 varav fyra miljoner \u00e4r barn. <a href=\"https:\/\/www.expressen.se\/nyheter\/varlden\/larmet-fran-sudan-2-000-civila-har-avrattats-pa-48-timmar\/\" rel=\"nofollow noopener\" target=\"_blank\">Tusentals m\u00e4nniskor befaras ha d\u00f6dats<\/a>, men uppgifterna \u00e4r os\u00e4kra eftersom medier har mycket begr\u00e4nsad tillg\u00e5ng till landet.<\/p>\n<p>30 miljoner i behov av st\u00f6d\u00a0<\/p>\n<p>\u2013 Det \u00e4r fruktansv\u00e4rt vad vi ser p\u00e5 plats just nu. Det h\u00e4r \u00e4r ingen \u00f6verdrift, s\u00e4ger Isabella Olsson p\u00e5 L\u00e4karmissionen, en internationell bist\u00e5ndsorganisation som arbetar i akuta kriser och med l\u00e5ngsiktig utveckling.<\/p>\n<p>Omkring 30 miljoner \u00e4r i behov av humanit\u00e4rt st\u00f6d. Samtidigt sprids sv\u00e4lt och ett kolerautbrott har brutit ut.<\/p>\n<p>\u2013 Vi m\u00f6ter familjer som bor i s\u00f6nderbombade byggnader, utan mat eller rent vatten. M\u00e4nniskor dricker saltvatten eller \u00e4ter djurfoder f\u00f6r att \u00f6verleva, s\u00e4ger hon.\u00a0<\/p>\n<p>Enligt Olsson har situationen f\u00f6rv\u00e4rrats ytterligare sedan <a href=\"https:\/\/www.expressen.se\/nyheter\/varlden\/lakarmissionen-trump-gor--varldens-varsta-kris-varre\/\" rel=\"nofollow noopener\" target=\"_blank\">USAID drog tillbaka sitt humanit\u00e4ra st\u00f6d<\/a> tidigare i \u00e5r.<\/p>\n<p>I Darfur vittnas det om massavr\u00e4ttningar, v\u00e5ldt\u00e4kter och f\u00f6rsvinnanden.<\/p>\n<p>\u2013 Vi vet inte vad som har h\u00e4nt med de hundratusentals m\u00e4nniskor som var kvar i al-Fashir. Siffrorna g\u00e5r inte ihop.<\/p>\n<p>Ministern: \u201dInte aktuellt\u201d<\/p>\n<p>Samtidigt som l\u00e4get snabbt f\u00f6rv\u00e4rras kommenterar nu migrationsminister Johan Forssell (M) Sveriges h\u00e5llning.<\/p>\n<p>\u201dSituationen i <a href=\"https:\/\/www.expressen.se\/tagg\/location\/sudan\/\" class=\"\" rel=\"nofollow noopener\" target=\"_blank\">Sudan<\/a> \u00e4r fruktansv\u00e4rd och d\u00e4rf\u00f6r \u00e4r Sudans befolkning en av de allra st\u00f6rsta mottagarna av svenskt humanit\u00e4rt bist\u00e5nd\u201d, skriver Forssell i en kommentar.<\/p>\n<p>Sveriges l\u00e5ngsiktiga bist\u00e5nd till Sudan uppgick under 2024 till 2220 miljoner kronor, uppger regeringen p\u00e5 sin sajt. Samtidigt har det humanit\u00e4ra st\u00f6det \u00f6kat i takt med att krisen f\u00f6rv\u00e4rrades, till totalt 523 miljoner kronor.<\/p>\n<p>\u201dVi ser i nul\u00e4get inga indikationer p\u00e5 \u00f6kade flyktingstr\u00f6mmar till EU men har en l\u00f6pande dialog med b\u00e5de Migrationsverket och EU:s myndigheter. Om n\u00e5got skulle \u00e4ndras, \u00e4r regeringen redo att agera snabbt.\u201d<\/p>\n<p>Samtidigt \u00e4r Forssell tydlig med att Sverige inte kommer att \u00f6ppna d\u00f6rren f\u00f6r fler asyls\u00f6kande:<\/p>\n<p>\u201dDet \u00e4r inte aktuellt f\u00f6r Sverige att ta emot fler asyls\u00f6kande utan v\u00e5r \u00e5tstramning av migrationspolitiken m\u00e5ste forts\u00e4tta. Det \u00e4r helt avg\u00f6rande f\u00f6r att Sverige ska f\u00e5 en m\u00f6jlighet att lyckas med integrationen och bek\u00e4mpa utanf\u00f6rskapet i v\u00e5rt land.\u201d<\/p>\n","protected":false},"excerpt":{"rendered":"Publicerad 4 nov 2025 kl 17.20Uppdaterad kl 18.20 Kriget i Sudan beskrivs som v\u00e4rldens v\u00e4rsta humanit\u00e4ra kris och&hellip;\n","protected":false},"author":2,"featured_media":72525,"comment_status":"","ping_status":"","sticky":false,"template":"","format":"standard","meta":{"footnotes":""},"categories":[5],"tags":[22,23,26,27,17,21,24,25,6099,28,29,15,16,6515,1602,18,34,55,31,33,32,30,19,60,740,20],"class_list":{"0":"post-72524","1":"post","2":"type-post","3":"status-publish","4":"format-standard","5":"has-post-thumbnail","7":"category-rubriker","8":"tag-breaking-news","9":"tag-breakingnews","10":"tag-featured-news","11":"tag-featurednews","12":"tag-headlines","13":"tag-huvudnyheter","14":"tag-latest-news","15":"tag-latestnews","16":"tag-location-sudan","17":"tag-main-news","18":"tag-mainnews","19":"tag-news","20":"tag-nyheter","21":"tag-organization-lakarmissionen","22":"tag-person-johan-forssell","23":"tag-rubriker","24":"tag-se","25":"tag-sections-varlden","26":"tag-svenska","27":"tag-sverige","28":"tag-sweden","29":"tag-swedish","30":"tag-top-stories","31":"tag-topic-krig-konflikt","32":"tag-topic-migration-integration","33":"tag-topstories"},"share_on_mastodon":{"url":"https:\/\/pubeurope.com\/@se\/115493421970780960","error":""},"_links":{"self":[{"href":"https:\/\/www.europesays.com\/se\/wp-json\/wp\/v2\/posts\/72524","targetHints":{"allow":["GET"]}}],"collection":[{"href":"https:\/\/www.europesays.com\/se\/wp-json\/wp\/v2\/posts"}],"about":[{"href":"https:\/\/www.europesays.com\/se\/wp-json\/wp\/v2\/types\/post"}],"author":[{"embeddable":true,"href":"https:\/\/www.europesays.com\/se\/wp-json\/wp\/v2\/users\/2"}],"replies":[{"embeddable":true,"href":"https:\/\/www.europesays.com\/se\/wp-json\/wp\/v2\/comments?post=72524"}],"version-history":[{"count":0,"href":"https:\/\/www.europesays.com\/se\/wp-json\/wp\/v2\/posts\/72524\/revisions"}],"wp:featuredmedia":[{"embeddable":true,"href":"https:\/\/www.europesays.com\/se\/wp-json\/wp\/v2\/media\/72525"}],"wp:attachment":[{"href":"https:\/\/www.europesays.com\/se\/wp-json\/wp\/v2\/media?parent=72524"}],"wp:term":[{"taxonomy":"category","embeddable":true,"href":"https:\/\/www.europesays.com\/se\/wp-json\/wp\/v2\/categories?post=72524"},{"taxonomy":"post_tag","embeddable":true,"href":"https:\/\/www.europesays.com\/se\/wp-json\/wp\/v2\/tags?post=72524"}],"curies":[{"name":"wp","href":"https:\/\/api.w.org\/{rel}","templated":true}]}}