{"id":72526,"date":"2025-11-04T21:02:22","date_gmt":"2025-11-04T21:02:22","guid":{"rendered":"https:\/\/www.europesays.com\/se\/72526\/"},"modified":"2025-11-04T21:02:22","modified_gmt":"2025-11-04T21:02:22","slug":"is-terrordad-i-centrala-stockholm-avvarjt-expressen","status":"publish","type":"post","link":"https:\/\/www.europesays.com\/se\/72526\/","title":{"rendered":"IS-terrord\u00e5d i centrala Stockholm avv\u00e4rjt &#8211; Expressen"},"content":{"rendered":"<ol>\n<li><a href=\"https:\/\/news.google.com\/rss\/articles\/CBMilwFBVV95cUxNeE5IbXIyOWFRMk9ZNS1qNDlUTVNkN1pzcFJIZmhiV0ZMZmZ1QWtIQTdaSENBbGVscDdWUWQtSHV3YXhxRzVlb0NQa3FfbmFlall2bE1FSUhEUkRSdWJyeUQ4cGltejJTR05nRjA0T0lIRUs0WVpieXR6d2FJS0c1dnM3MmtRUDRCaDdhOVNyQUV3YUhRY2lv?oc=5\" target=\"_blank\" rel=\"nofollow noopener\">IS-terrord\u00e5d i centrala Stockholm avv\u00e4rjt<\/a>&nbsp;&nbsp;Expressen<\/li>\n<li><a href=\"https:\/\/news.google.com\/rss\/articles\/CBMiigFBVV95cUxQeVo4ODJTbndZWUxVcDRfQzlnOVBuWm5EMjVXd1JfQzNhd1dWaXhhdGRsb2N4YjRvajBzV1JCVmZmNEhVN3JUVU1aTXJKbmxhNi05WTRYUVhVbjhtN0FnQkF6ZGFPQS1PVy1rWTlvMlZZRXY4RHNWUllHUjJnN3AtaFBES1pvOXhpU1E?oc=5\" target=\"_blank\" rel=\"nofollow noopener\">Terrord\u00e5d avv\u00e4rjt \u2013 18-\u00e5ring misst\u00e4nkt<\/a>&nbsp;&nbsp;Aftonbladet<\/li>\n<li><a href=\"https:\/\/news.google.com\/rss\/articles\/CBMipwFBVV95cUxQMEJ4V21OVEp5U1BKLWluMnJDUVdweVZMYVIxajZqZENoNkF6R2dsVmpHNEdtZFRLVjd3WHlud1NiVmxya1lBeXlTR1k1ZjRNeG9yc0xFd2duTVhuMjZzM3VQVzk4QWF3TmFhM3JmVXRxRjZITmlmVVBZamkxZGFLLWJVNDdyQzJIbTZWMVhrWklqb1NIVlFSelFVU0VfS0h3Tmc0OU9YNA?oc=5\" target=\"_blank\" rel=\"nofollow noopener\">Ton\u00e5ringar terror\u00e5talas: \u201dSkulle injaga skr\u00e4ck\u201d<\/a>&nbsp;&nbsp;SvD<\/li>\n<li><a href=\"https:\/\/news.google.com\/rss\/articles\/CBMipwFBVV95cUxNVlNnN1cyRlUtbG9nLTVvSlJwcEl3OTJ1WERWZE1vTXdQTTdsOWpBUFV1R2ZranlGTndPMVZDN3pqdUViLUUzLS0yd242ME9vTjZEWjRnQ2ZqR2Q5UFAwTi02TTJjUV9ENkhBM0c1VTVZaVZ0TmR2R0NTZ1oyNUg5MUNKVUpZN2RoM0lWZlNfTENUd3AtUkFKQ2JiZ2pBR1hoLWlYWExuOA?oc=5\" target=\"_blank\" rel=\"nofollow noopener\">Sk\u00e5nsk d\u00f6md 18-\u00e5ring misst\u00e4nks ha f\u00f6rberett terrorbrott i Stockholm<\/a>&nbsp;&nbsp;Sveriges Radio<\/li>\n<li><a href=\"https:\/\/news.google.com\/rss\/articles\/CBMiigFBVV95cUxOanBpUTJTZ0xCVEt2TG40S010WGlYQ1NmWUprOVRXZUtnelZPc2JNQnk3bEotRVpONHdfaTJ4SWIzWmZLeTNkd21Cb0xRTVdFcUNmT2RDM1hIcWhDdXVrT05Hc3JEN2ppNWRiLV9RVWdjT0ZTUGsxc0FLa1E4cUFMN0k2T0lnMXFfLVE?oc=5\" target=\"_blank\" rel=\"nofollow noopener\">F\u00f6rberedelse av IS-terrord\u00e5d \u2013 nu ska \u00e5tal v\u00e4ckas<\/a>&nbsp;&nbsp;SVT Nyheter<\/li>\n<\/ol>\n","protected":false},"excerpt":{"rendered":"IS-terrord\u00e5d i centrala Stockholm avv\u00e4rjt&nbsp;&nbsp;Expressen Terrord\u00e5d avv\u00e4rjt \u2013 18-\u00e5ring misst\u00e4nkt&nbsp;&nbsp;Aftonbladet Ton\u00e5ringar terror\u00e5talas: \u201dSkulle injaga skr\u00e4ck\u201d&nbsp;&nbsp;SvD Sk\u00e5nsk d\u00f6md 18-\u00e5ring&hellip;\n","protected":false},"author":2,"featured_media":39,"comment_status":"","ping_status":"","sticky":false,"template":"","format":"standard","meta":{"footnotes":""},"categories":[5],"tags":[22,23,26,27,35,17,21,24,25,28,29,15,16,18,34,31,33,32,30,19,20],"class_list":{"0":"post-72526","1":"post","2":"type-post","3":"status-publish","4":"format-standard","5":"has-post-thumbnail","7":"category-rubriker","8":"tag-breaking-news","9":"tag-breakingnews","10":"tag-featured-news","11":"tag-featurednews","12":"tag-function-ta-bort-ai-rost","13":"tag-headlines","14":"tag-huvudnyheter","15":"tag-latest-news","16":"tag-latestnews","17":"tag-main-news","18":"tag-mainnews","19":"tag-news","20":"tag-nyheter","21":"tag-rubriker","22":"tag-se","23":"tag-svenska","24":"tag-sverige","25":"tag-sweden","26":"tag-swedish","27":"tag-top-stories","28":"tag-topstories"},"share_on_mastodon":{"url":"https:\/\/pubeurope.com\/@se\/115493453402152917","error":""},"_links":{"self":[{"href":"https:\/\/www.europesays.com\/se\/wp-json\/wp\/v2\/posts\/72526","targetHints":{"allow":["GET"]}}],"collection":[{"href":"https:\/\/www.europesays.com\/se\/wp-json\/wp\/v2\/posts"}],"about":[{"href":"https:\/\/www.europesays.com\/se\/wp-json\/wp\/v2\/types\/post"}],"author":[{"embeddable":true,"href":"https:\/\/www.europesays.com\/se\/wp-json\/wp\/v2\/users\/2"}],"replies":[{"embeddable":true,"href":"https:\/\/www.europesays.com\/se\/wp-json\/wp\/v2\/comments?post=72526"}],"version-history":[{"count":0,"href":"https:\/\/www.europesays.com\/se\/wp-json\/wp\/v2\/posts\/72526\/revisions"}],"wp:featuredmedia":[{"embeddable":true,"href":"https:\/\/www.europesays.com\/se\/wp-json\/wp\/v2\/media\/39"}],"wp:attachment":[{"href":"https:\/\/www.europesays.com\/se\/wp-json\/wp\/v2\/media?parent=72526"}],"wp:term":[{"taxonomy":"category","embeddable":true,"href":"https:\/\/www.europesays.com\/se\/wp-json\/wp\/v2\/categories?post=72526"},{"taxonomy":"post_tag","embeddable":true,"href":"https:\/\/www.europesays.com\/se\/wp-json\/wp\/v2\/tags?post=72526"}],"curies":[{"name":"wp","href":"https:\/\/api.w.org\/{rel}","templated":true}]}}