{"id":72529,"date":"2025-11-04T21:18:11","date_gmt":"2025-11-04T21:18:11","guid":{"rendered":"https:\/\/www.europesays.com\/se\/72529\/"},"modified":"2025-11-04T21:18:11","modified_gmt":"2025-11-04T21:18:11","slug":"reafusk-oacceptabelt-regeringen-oppnar-for-skarpta-atgarder","status":"publish","type":"post","link":"https:\/\/www.europesays.com\/se\/72529\/","title":{"rendered":"Reafusk \u201doacceptabelt\u201d \u2013 regeringen \u00f6ppnar f\u00f6r sk\u00e4rpta \u00e5tg\u00e4rder"},"content":{"rendered":"<p>Flera butiker h\u00f6jer sina priser i god tid f\u00f6re reaperioder f\u00f6r att sedan kunna skylta med rabatter, menar prisj\u00e4mf\u00f6relsesajten Prisjakt. P\u00e5 s\u00e5 s\u00e4tt rundas prisinformationslagen.<\/p>\n<p>Ministern Erik Slottner (KD), som ansvarar f\u00f6r konsumentfr\u00e5gor h\u00e5ller med Sveriges konsumenter som menar att lagstiftningen s\u00e4tts ur spel av butikerna och att det handlar om prismanipulation<\/p>\n","protected":false},"excerpt":{"rendered":"Flera butiker h\u00f6jer sina priser i god tid f\u00f6re reaperioder f\u00f6r att sedan kunna skylta med rabatter, menar&hellip;\n","protected":false},"author":2,"featured_media":72530,"comment_status":"","ping_status":"","sticky":false,"template":"","format":"standard","meta":{"footnotes":""},"categories":[5],"tags":[22,23,26,27,17,21,24,25,28,29,15,16,18,34,31,33,32,30,19,20],"class_list":{"0":"post-72529","1":"post","2":"type-post","3":"status-publish","4":"format-standard","5":"has-post-thumbnail","7":"category-rubriker","8":"tag-breaking-news","9":"tag-breakingnews","10":"tag-featured-news","11":"tag-featurednews","12":"tag-headlines","13":"tag-huvudnyheter","14":"tag-latest-news","15":"tag-latestnews","16":"tag-main-news","17":"tag-mainnews","18":"tag-news","19":"tag-nyheter","20":"tag-rubriker","21":"tag-se","22":"tag-svenska","23":"tag-sverige","24":"tag-sweden","25":"tag-swedish","26":"tag-top-stories","27":"tag-topstories"},"share_on_mastodon":{"url":"https:\/\/pubeurope.com\/@se\/115493516254486585","error":""},"_links":{"self":[{"href":"https:\/\/www.europesays.com\/se\/wp-json\/wp\/v2\/posts\/72529","targetHints":{"allow":["GET"]}}],"collection":[{"href":"https:\/\/www.europesays.com\/se\/wp-json\/wp\/v2\/posts"}],"about":[{"href":"https:\/\/www.europesays.com\/se\/wp-json\/wp\/v2\/types\/post"}],"author":[{"embeddable":true,"href":"https:\/\/www.europesays.com\/se\/wp-json\/wp\/v2\/users\/2"}],"replies":[{"embeddable":true,"href":"https:\/\/www.europesays.com\/se\/wp-json\/wp\/v2\/comments?post=72529"}],"version-history":[{"count":0,"href":"https:\/\/www.europesays.com\/se\/wp-json\/wp\/v2\/posts\/72529\/revisions"}],"wp:featuredmedia":[{"embeddable":true,"href":"https:\/\/www.europesays.com\/se\/wp-json\/wp\/v2\/media\/72530"}],"wp:attachment":[{"href":"https:\/\/www.europesays.com\/se\/wp-json\/wp\/v2\/media?parent=72529"}],"wp:term":[{"taxonomy":"category","embeddable":true,"href":"https:\/\/www.europesays.com\/se\/wp-json\/wp\/v2\/categories?post=72529"},{"taxonomy":"post_tag","embeddable":true,"href":"https:\/\/www.europesays.com\/se\/wp-json\/wp\/v2\/tags?post=72529"}],"curies":[{"name":"wp","href":"https:\/\/api.w.org\/{rel}","templated":true}]}}