{"id":72531,"date":"2025-11-04T21:26:12","date_gmt":"2025-11-04T21:26:12","guid":{"rendered":"https:\/\/www.europesays.com\/se\/72531\/"},"modified":"2025-11-04T21:26:12","modified_gmt":"2025-11-04T21:26:12","slug":"var-ultrakonservativ-anda-stodde-han-harris-2024","status":"publish","type":"post","link":"https:\/\/www.europesays.com\/se\/72531\/","title":{"rendered":"Var ultrakonservativ \u2013\u00a0\u00e4nd\u00e5 st\u00f6dde han Harris 2024"},"content":{"rendered":"<p>I en <a href=\"https:\/\/www.washingtonpost.com\/video\/politics\/cheney-trump-is-a-coward-liz-cheney-campaign-2022\/2022\/08\/05\/d56446cc-2c14-4c99-94a0-9fafa4e09682_video.html\" target=\"_blank\" rel=\"noopener noreferrer nofollow\">kampanjvideo<\/a> fr\u00e5n b\u00f6rjan av augusti 2022 st\u00e5r USA:s tidigare vicepresident, Vita huset-stabschef och f\u00f6rsvarsminister Dick Cheney med cowboyhatten p\u00e5 framf\u00f6r n\u00e5gra bj\u00f6rkar och kallar Donald Trump f\u00f6r \u201dfegis\u201d.<\/p>\n<p>Videon syftar till att g\u00f6ra reklam f\u00f6r Dicks dotter Liz Cheney, liksom sin far ultrakonservativ politiker fr\u00e5n vilda v\u00e4stern-delstaten Wyoming. Liz kampanjar f\u00f6r att \u00e5terigen f\u00e5 representera sitt distrikt i Wyoming i den h\u00f6stens mellan\u00e5rsval.<\/p>\n","protected":false},"excerpt":{"rendered":"I en kampanjvideo fr\u00e5n b\u00f6rjan av augusti 2022 st\u00e5r USA:s tidigare vicepresident, Vita huset-stabschef och f\u00f6rsvarsminister Dick Cheney&hellip;\n","protected":false},"author":2,"featured_media":72532,"comment_status":"","ping_status":"","sticky":false,"template":"","format":"standard","meta":{"footnotes":""},"categories":[5],"tags":[22,23,26,27,17,21,24,25,28,29,15,16,18,34,31,33,32,30,19,20],"class_list":{"0":"post-72531","1":"post","2":"type-post","3":"status-publish","4":"format-standard","5":"has-post-thumbnail","7":"category-rubriker","8":"tag-breaking-news","9":"tag-breakingnews","10":"tag-featured-news","11":"tag-featurednews","12":"tag-headlines","13":"tag-huvudnyheter","14":"tag-latest-news","15":"tag-latestnews","16":"tag-main-news","17":"tag-mainnews","18":"tag-news","19":"tag-nyheter","20":"tag-rubriker","21":"tag-se","22":"tag-svenska","23":"tag-sverige","24":"tag-sweden","25":"tag-swedish","26":"tag-top-stories","27":"tag-topstories"},"share_on_mastodon":{"url":"https:\/\/pubeurope.com\/@se\/115493547715995466","error":""},"_links":{"self":[{"href":"https:\/\/www.europesays.com\/se\/wp-json\/wp\/v2\/posts\/72531","targetHints":{"allow":["GET"]}}],"collection":[{"href":"https:\/\/www.europesays.com\/se\/wp-json\/wp\/v2\/posts"}],"about":[{"href":"https:\/\/www.europesays.com\/se\/wp-json\/wp\/v2\/types\/post"}],"author":[{"embeddable":true,"href":"https:\/\/www.europesays.com\/se\/wp-json\/wp\/v2\/users\/2"}],"replies":[{"embeddable":true,"href":"https:\/\/www.europesays.com\/se\/wp-json\/wp\/v2\/comments?post=72531"}],"version-history":[{"count":0,"href":"https:\/\/www.europesays.com\/se\/wp-json\/wp\/v2\/posts\/72531\/revisions"}],"wp:featuredmedia":[{"embeddable":true,"href":"https:\/\/www.europesays.com\/se\/wp-json\/wp\/v2\/media\/72532"}],"wp:attachment":[{"href":"https:\/\/www.europesays.com\/se\/wp-json\/wp\/v2\/media?parent=72531"}],"wp:term":[{"taxonomy":"category","embeddable":true,"href":"https:\/\/www.europesays.com\/se\/wp-json\/wp\/v2\/categories?post=72531"},{"taxonomy":"post_tag","embeddable":true,"href":"https:\/\/www.europesays.com\/se\/wp-json\/wp\/v2\/tags?post=72531"}],"curies":[{"name":"wp","href":"https:\/\/api.w.org\/{rel}","templated":true}]}}