{"id":72542,"date":"2025-11-04T21:44:11","date_gmt":"2025-11-04T21:44:11","guid":{"rendered":"https:\/\/www.europesays.com\/se\/72542\/"},"modified":"2025-11-04T21:44:11","modified_gmt":"2025-11-04T21:44:11","slug":"allsvenskan-panelen-ar-direkt-genant","status":"publish","type":"post","link":"https:\/\/www.europesays.com\/se\/72542\/","title":{"rendered":"Allsvenskan \u2022 Panelen: \u201d\u00c4r direkt genant\u201d"},"content":{"rendered":"<p>Publicerad 4 nov 2025 kl 16.06Uppdaterad kl 19.23<\/p>\n<p>PremiumMj\u00e4llby krossade V\u00e4rnamo och spr\u00e4ngde 70-po\u00e4ngsgr\u00e4nsen.<\/p>\n<p>Har Per Frick r\u00e4tt i att Elfsborg kan \u00e5ka ur n\u00e4sta \u00e5r?<\/p>\n<p>Talar Daniel Andersson sanning?<\/p>\n<p>Och vem hade egentligen r\u00e4tt i maskningsbr\u00e5ket p\u00e5 3 Arena?<\/p>\n<p> \u201dOerh\u00f6rt sv\u00e5rt att se det h\u00e4r sinnessjuka upprepa sig.\u201d<\/p>\n<p> Orden synas: \u201dDet tror jag inte p\u00e5.\u201d<\/p>\n<p> \u201dNyttigt f\u00f6r AIK att Saletros l\u00e4mnar?\u201d<\/p>\n<p> Domen om rysaren: De \u00e5ker ur och de f\u00e5r kvala.\u00a0<\/p>\n<p><img   alt=\"\"\/><\/p>\n<p>Mj\u00e4llby har slagit po\u00e4ngrekord i allsvenskan.<\/p>\n<p>Foto: Adam Ihse\/TT \/ TT NYHETSBYR\u00c5N \/ ADAM IHSE<\/p>\n<p>\u00d6ppna bild i helsk\u00e4rm<\/p>\n","protected":false},"excerpt":{"rendered":"Publicerad 4 nov 2025 kl 16.06Uppdaterad kl 19.23 PremiumMj\u00e4llby krossade V\u00e4rnamo och spr\u00e4ngde 70-po\u00e4ngsgr\u00e4nsen. Har Per Frick r\u00e4tt&hellip;\n","protected":false},"author":2,"featured_media":72543,"comment_status":"","ping_status":"","sticky":false,"template":"","format":"standard","meta":{"footnotes":""},"categories":[68],"tags":[131,1235,554,1046,664,1045,358,240,442,103,34,130,129,111,110,31,33,32,30],"class_list":{"0":"post-72542","1":"post","2":"type-post","3":"status-publish","4":"format-standard","5":"has-post-thumbnail","7":"category-sport","8":"tag-organization-aik-fotboll","9":"tag-organization-degerfors-if","10":"tag-organization-djurgarden-fotboll","11":"tag-organization-if-elfsborg","12":"tag-organization-ifk-goteborg","13":"tag-organization-ifk-norrkoping","14":"tag-organization-malmo-ff","15":"tag-organization-mjallby-aif","16":"tag-organization-osters-if","17":"tag-premium","18":"tag-se","19":"tag-sections-allsvenskan","20":"tag-sections-fotboll","21":"tag-sport","22":"tag-sports","23":"tag-svenska","24":"tag-sverige","25":"tag-sweden","26":"tag-swedish"},"share_on_mastodon":{"url":"https:\/\/pubeurope.com\/@se\/115493618606168020","error":""},"_links":{"self":[{"href":"https:\/\/www.europesays.com\/se\/wp-json\/wp\/v2\/posts\/72542","targetHints":{"allow":["GET"]}}],"collection":[{"href":"https:\/\/www.europesays.com\/se\/wp-json\/wp\/v2\/posts"}],"about":[{"href":"https:\/\/www.europesays.com\/se\/wp-json\/wp\/v2\/types\/post"}],"author":[{"embeddable":true,"href":"https:\/\/www.europesays.com\/se\/wp-json\/wp\/v2\/users\/2"}],"replies":[{"embeddable":true,"href":"https:\/\/www.europesays.com\/se\/wp-json\/wp\/v2\/comments?post=72542"}],"version-history":[{"count":0,"href":"https:\/\/www.europesays.com\/se\/wp-json\/wp\/v2\/posts\/72542\/revisions"}],"wp:featuredmedia":[{"embeddable":true,"href":"https:\/\/www.europesays.com\/se\/wp-json\/wp\/v2\/media\/72543"}],"wp:attachment":[{"href":"https:\/\/www.europesays.com\/se\/wp-json\/wp\/v2\/media?parent=72542"}],"wp:term":[{"taxonomy":"category","embeddable":true,"href":"https:\/\/www.europesays.com\/se\/wp-json\/wp\/v2\/categories?post=72542"},{"taxonomy":"post_tag","embeddable":true,"href":"https:\/\/www.europesays.com\/se\/wp-json\/wp\/v2\/tags?post=72542"}],"curies":[{"name":"wp","href":"https:\/\/api.w.org\/{rel}","templated":true}]}}