{"id":72554,"date":"2025-11-04T22:06:14","date_gmt":"2025-11-04T22:06:14","guid":{"rendered":"https:\/\/www.europesays.com\/se\/72554\/"},"modified":"2025-11-04T22:06:14","modified_gmt":"2025-11-04T22:06:14","slug":"trumps-vandning-blir-inga-matkuponger","status":"publish","type":"post","link":"https:\/\/www.europesays.com\/se\/72554\/","title":{"rendered":"Trumps v\u00e4ndning: Blir inga matkuponger"},"content":{"rendered":"<p>share-arrowDela<\/p>\n<p>unsaveSpara<\/p>\n<p>expand-left<\/p>\n<p>helsk\u00e4rm<img decoding=\"async\" class=\"image-asset hyperion-css-u06ts1\" data-test-tag=\"image-asset\" src=\"https:\/\/www.europesays.com\/se\/wp-content\/uploads\/2025\/11\/436bed0f-8b6d-45a3-b7fc-75d07ea7a8df\"  alt=\"USA:s president Donald Trump. Bilden \u00e4r tagen 2 november.\"  loading=\"eager\" fetchpriority=\"high\" style=\"aspect-ratio:1900 \/ 1267\"\/>USA:s president Donald Trump. Bilden \u00e4r tagen 2 november. Foto: Manuel Balce Ceneta\/AP\/TT<\/p>\n<p class=\"hyperion-css-1shl3oz\" data-test-tag=\"lead-text\">Det blir inga utbetalningar av matkuponger f\u00f6rr\u00e4n USA:s statsapparat \u00f6ppnar igen, uppger president Donald Trump.<\/p>\n<p class=\"hyperion-css-1shl3oz\" data-test-tag=\"lead-text\">Beskedet g\u00e5r stick i st\u00e4v med vad Vita huset l\u00e4t meddela i m\u00e5ndags.<\/p>\n<p class=\"hyperion-css-1v9qo5x\">Till f\u00f6ljd av en blockerad budget har USA:s statsapparat varit nedst\u00e4ngd i en dryg m\u00e5nad, vilket innebar att finansieringen av det federala program som betalar ut matkuponger till beh\u00f6vande \u2013 vilka utg\u00f6r drygt 12 procent av USA:s befolkning \u2013 l\u00f6pte ut i l\u00f6rdags.<\/p>\n<p class=\"hyperion-css-1v9qo5x\">Efter det att tv\u00e5 federala domare nyligen slagit fast att regeringen var tvungen att forts\u00e4tta betala ut matkupongerna sade dock Trumps administration under g\u00e5rdagen att utbetalningarna skulle ske med hj\u00e4lp av reservfonder.<\/p>\n<p class=\"hyperion-css-1v9qo5x\">Men s\u00e5 ser det inte l\u00e4ngre ut att bli, enligt ett inl\u00e4gg p\u00e5 Truth Social av Trump, d\u00e4r han skriver att programmet med matkuponger kommer att \u00e5terupptas \u201df\u00f6rst n\u00e4r de radikala v\u00e4nster-demokraterna \u00f6ppnar statsapparaten igen, vilket de enkelt kan g\u00f6ra, och inte innan dess!\u201d.<\/p>\n","protected":false},"excerpt":{"rendered":"share-arrowDela unsaveSpara expand-left helsk\u00e4rmUSA:s president Donald Trump. Bilden \u00e4r tagen 2 november. Foto: Manuel Balce Ceneta\/AP\/TT Det blir&hellip;\n","protected":false},"author":2,"featured_media":72555,"comment_status":"","ping_status":"","sticky":false,"template":"","format":"standard","meta":{"footnotes":""},"categories":[5],"tags":[22,23,26,27,17,21,24,25,28,29,15,16,18,34,31,33,32,30,19,20],"class_list":{"0":"post-72554","1":"post","2":"type-post","3":"status-publish","4":"format-standard","5":"has-post-thumbnail","7":"category-rubriker","8":"tag-breaking-news","9":"tag-breakingnews","10":"tag-featured-news","11":"tag-featurednews","12":"tag-headlines","13":"tag-huvudnyheter","14":"tag-latest-news","15":"tag-latestnews","16":"tag-main-news","17":"tag-mainnews","18":"tag-news","19":"tag-nyheter","20":"tag-rubriker","21":"tag-se","22":"tag-svenska","23":"tag-sverige","24":"tag-sweden","25":"tag-swedish","26":"tag-top-stories","27":"tag-topstories"},"share_on_mastodon":{"url":"https:\/\/pubeurope.com\/@se\/115493705182946095","error":""},"_links":{"self":[{"href":"https:\/\/www.europesays.com\/se\/wp-json\/wp\/v2\/posts\/72554","targetHints":{"allow":["GET"]}}],"collection":[{"href":"https:\/\/www.europesays.com\/se\/wp-json\/wp\/v2\/posts"}],"about":[{"href":"https:\/\/www.europesays.com\/se\/wp-json\/wp\/v2\/types\/post"}],"author":[{"embeddable":true,"href":"https:\/\/www.europesays.com\/se\/wp-json\/wp\/v2\/users\/2"}],"replies":[{"embeddable":true,"href":"https:\/\/www.europesays.com\/se\/wp-json\/wp\/v2\/comments?post=72554"}],"version-history":[{"count":0,"href":"https:\/\/www.europesays.com\/se\/wp-json\/wp\/v2\/posts\/72554\/revisions"}],"wp:featuredmedia":[{"embeddable":true,"href":"https:\/\/www.europesays.com\/se\/wp-json\/wp\/v2\/media\/72555"}],"wp:attachment":[{"href":"https:\/\/www.europesays.com\/se\/wp-json\/wp\/v2\/media?parent=72554"}],"wp:term":[{"taxonomy":"category","embeddable":true,"href":"https:\/\/www.europesays.com\/se\/wp-json\/wp\/v2\/categories?post=72554"},{"taxonomy":"post_tag","embeddable":true,"href":"https:\/\/www.europesays.com\/se\/wp-json\/wp\/v2\/tags?post=72554"}],"curies":[{"name":"wp","href":"https:\/\/api.w.org\/{rel}","templated":true}]}}