{"id":72558,"date":"2025-11-04T22:11:24","date_gmt":"2025-11-04T22:11:24","guid":{"rendered":"https:\/\/www.europesays.com\/se\/72558\/"},"modified":"2025-11-04T22:11:24","modified_gmt":"2025-11-04T22:11:24","slug":"latours-vd-det-borgar-for-en-bra-framtid","status":"publish","type":"post","link":"https:\/\/www.europesays.com\/se\/72558\/","title":{"rendered":"Latours VD: Det borgar f\u00f6r en bra framtid"},"content":{"rendered":"<p class=\"font-sans text-base text-text-main dark:text-text-main-dark font-normal leading-[1.4]\">Inte heller i det tredje kvartalet valde familjen Douglas investmentbolag Latour att k\u00f6pa fler aktier i b\u00f6rsportf\u00f6ljen.<\/p>\n<p class=\"font-sans text-base text-text-main dark:text-text-main-dark font-normal leading-[1.4]\">&#8221;Vi \u00e4r r\u00e4tt glada f\u00f6r de investeringarna vi har i b\u00f6rsbolagen. Vi g\u00f6r ju s\u00e4llan f\u00f6r\u00e4ndringar i dem, vi \u00e4r v\u00e4ldigt l\u00e5ngsiktiga. Och i m\u00e5nga fall s\u00e5 ligger vi v\u00e4ldigt n\u00e4ra budgr\u00e4ns och \u00e4r av de sk\u00e4len f\u00f6rhindrade att g\u00f6ra f\u00f6r\u00e4ndringar&#8221;, s\u00e4ger VD <strong>Johan Hjertonsson<\/strong>.<\/p>\n<p class=\"font-sans text-base text-text-main dark:text-text-main-dark font-normal leading-[1.4]\"><strong>Tycker du att bolagen \u00e4r f\u00f6r h\u00f6gt v\u00e4rderade?<\/strong><\/p>\n<p class=\"font-sans text-base text-text-main dark:text-text-main-dark font-normal leading-[1.4]\">&#8221;Nej, absolut inte. Vi t\u00e4nker v\u00e4ldigt l\u00e5ngsiktigt och \u00e4ger bolagen p\u00e5 l\u00e5ng sikt. I alla v\u00e5ra tio b\u00f6rsbolag tycker vi att det fortsatt finns en v\u00e4ldigt bra potential.&#8221;<\/p>\n<p class=\"font-sans text-base text-text-main dark:text-text-main-dark font-normal leading-[1.4]\">Den enda f\u00f6r\u00e4ndring som skett i b\u00f6rsportf\u00f6ljen hittills i \u00e5r \u00e4r att n\u00e4rmare 1,3 miljoner aktier k\u00f6ptes i CTEK. Laddbolaget har haft en tuff b\u00f6rsresa och hittills i \u00e5r \u00e4r aktien ner 7%. Sett till Latours b\u00f6rsportf\u00f6lj s\u00e5 minskade v\u00e4rdet med 2% januari till september medan j\u00e4mf\u00f6relseindex \u00f6kade 5,8%. Men efter stora kursr\u00f6relser under rapportperioden s\u00e5 har Latours substansv\u00e4rde nu \u00f6kat minimalt under 2025 och uppgick den 3 november till 216 kr per aktie. Vid ing\u00e5ngen av \u00e5ret var substansv\u00e4rdet 215 kr.<\/p>\n<p class=\"font-sans text-base text-text-main dark:text-text-main-dark font-normal leading-[1.4]\">Exempelvis <strong>HMS Networks<\/strong>\u00a0rusade tv\u00e5siffrigt p\u00e5 rapporten och st\u00f6rsta innehavet <strong>Assa Abloy<\/strong> levererade ocks\u00e5 en rapport som \u00f6vertr\u00e4ffade marknadens f\u00f6rv\u00e4ntningar.<\/p>\n<p class=\"font-sans text-base text-text-main dark:text-text-main-dark font-normal leading-[1.4]\">&#8221;M\u00e5nga av v\u00e5ra b\u00f6rsbolag \u00e4r byggexponerade, bygge har varit sv\u00e5rt och kanske \u00e4r det lite l\u00e4gre v\u00e4rderingar d\u00e4r. Men annars kan jag bara konstatera att bolagen utvecklas v\u00e4ldigt bra, generellt sett i b\u00f6rsportf\u00f6ljen&#8221;, s\u00e4ger Hjertonsson.<\/p>\n","protected":false},"excerpt":{"rendered":"Inte heller i det tredje kvartalet valde familjen Douglas investmentbolag Latour att k\u00f6pa fler aktier i b\u00f6rsportf\u00f6ljen. &#8221;Vi&hellip;\n","protected":false},"author":2,"featured_media":72158,"comment_status":"","ping_status":"","sticky":false,"template":"","format":"standard","meta":{"footnotes":""},"categories":[65],"tags":[72,70,71,6516,6141,3218,34,31,33,32,30],"class_list":{"0":"post-72558","1":"post","2":"type-post","3":"status-publish","4":"format-standard","5":"has-post-thumbnail","7":"category-ekonomi","8":"tag-business","9":"tag-economy","10":"tag-ekonomi","11":"tag-fagerhult-group","12":"tag-latour","13":"tag-rapporter","14":"tag-se","15":"tag-svenska","16":"tag-sverige","17":"tag-sweden","18":"tag-swedish"},"share_on_mastodon":{"url":"https:\/\/pubeurope.com\/@se\/115493724638271715","error":""},"_links":{"self":[{"href":"https:\/\/www.europesays.com\/se\/wp-json\/wp\/v2\/posts\/72558","targetHints":{"allow":["GET"]}}],"collection":[{"href":"https:\/\/www.europesays.com\/se\/wp-json\/wp\/v2\/posts"}],"about":[{"href":"https:\/\/www.europesays.com\/se\/wp-json\/wp\/v2\/types\/post"}],"author":[{"embeddable":true,"href":"https:\/\/www.europesays.com\/se\/wp-json\/wp\/v2\/users\/2"}],"replies":[{"embeddable":true,"href":"https:\/\/www.europesays.com\/se\/wp-json\/wp\/v2\/comments?post=72558"}],"version-history":[{"count":0,"href":"https:\/\/www.europesays.com\/se\/wp-json\/wp\/v2\/posts\/72558\/revisions"}],"wp:featuredmedia":[{"embeddable":true,"href":"https:\/\/www.europesays.com\/se\/wp-json\/wp\/v2\/media\/72158"}],"wp:attachment":[{"href":"https:\/\/www.europesays.com\/se\/wp-json\/wp\/v2\/media?parent=72558"}],"wp:term":[{"taxonomy":"category","embeddable":true,"href":"https:\/\/www.europesays.com\/se\/wp-json\/wp\/v2\/categories?post=72558"},{"taxonomy":"post_tag","embeddable":true,"href":"https:\/\/www.europesays.com\/se\/wp-json\/wp\/v2\/tags?post=72558"}],"curies":[{"name":"wp","href":"https:\/\/api.w.org\/{rel}","templated":true}]}}