{"id":72559,"date":"2025-11-04T22:14:18","date_gmt":"2025-11-04T22:14:18","guid":{"rendered":"https:\/\/www.europesays.com\/se\/72559\/"},"modified":"2025-11-04T22:14:18","modified_gmt":"2025-11-04T22:14:18","slug":"el-fasherbor-vittnar-om-dod-och-flykt-nar-rsf-tar-kontrollen","status":"publish","type":"post","link":"https:\/\/www.europesays.com\/se\/72559\/","title":{"rendered":"el-Fasherbor vittnar om d\u00f6d och flykt n\u00e4r RSF tar kontrollen"},"content":{"rendered":"<p>Tiotusentals civila uppges ha flytt den sudanesiska staden el-Fasher efter att paramilit\u00e4ra Rapid Support Forces, RSF, brutalt tagit kontrollen \u00f6ver staden. Men bara omkring 5 000 personer har hittills lyckats n\u00e5 det n\u00e4rmaste flyktingl\u00e4gret i Tawila.<\/p>\n<p>\u2013 Staden vi \u00e4lskade har blivit en k\u00e4lla till sorg, s\u00e4ger hj\u00e4lparbetaren och flyktingen Taha Khater till DN.<\/p>\n","protected":false},"excerpt":{"rendered":"Tiotusentals civila uppges ha flytt den sudanesiska staden el-Fasher efter att paramilit\u00e4ra Rapid Support Forces, RSF, brutalt tagit&hellip;\n","protected":false},"author":2,"featured_media":72560,"comment_status":"","ping_status":"","sticky":false,"template":"","format":"standard","meta":{"footnotes":""},"categories":[5],"tags":[22,23,26,27,17,21,24,25,28,29,15,16,18,34,31,33,32,30,19,20],"class_list":{"0":"post-72559","1":"post","2":"type-post","3":"status-publish","4":"format-standard","5":"has-post-thumbnail","7":"category-rubriker","8":"tag-breaking-news","9":"tag-breakingnews","10":"tag-featured-news","11":"tag-featurednews","12":"tag-headlines","13":"tag-huvudnyheter","14":"tag-latest-news","15":"tag-latestnews","16":"tag-main-news","17":"tag-mainnews","18":"tag-news","19":"tag-nyheter","20":"tag-rubriker","21":"tag-se","22":"tag-svenska","23":"tag-sverige","24":"tag-sweden","25":"tag-swedish","26":"tag-top-stories","27":"tag-topstories"},"share_on_mastodon":{"url":"https:\/\/pubeurope.com\/@se\/115493736453561244","error":""},"_links":{"self":[{"href":"https:\/\/www.europesays.com\/se\/wp-json\/wp\/v2\/posts\/72559","targetHints":{"allow":["GET"]}}],"collection":[{"href":"https:\/\/www.europesays.com\/se\/wp-json\/wp\/v2\/posts"}],"about":[{"href":"https:\/\/www.europesays.com\/se\/wp-json\/wp\/v2\/types\/post"}],"author":[{"embeddable":true,"href":"https:\/\/www.europesays.com\/se\/wp-json\/wp\/v2\/users\/2"}],"replies":[{"embeddable":true,"href":"https:\/\/www.europesays.com\/se\/wp-json\/wp\/v2\/comments?post=72559"}],"version-history":[{"count":0,"href":"https:\/\/www.europesays.com\/se\/wp-json\/wp\/v2\/posts\/72559\/revisions"}],"wp:featuredmedia":[{"embeddable":true,"href":"https:\/\/www.europesays.com\/se\/wp-json\/wp\/v2\/media\/72560"}],"wp:attachment":[{"href":"https:\/\/www.europesays.com\/se\/wp-json\/wp\/v2\/media?parent=72559"}],"wp:term":[{"taxonomy":"category","embeddable":true,"href":"https:\/\/www.europesays.com\/se\/wp-json\/wp\/v2\/categories?post=72559"},{"taxonomy":"post_tag","embeddable":true,"href":"https:\/\/www.europesays.com\/se\/wp-json\/wp\/v2\/tags?post=72559"}],"curies":[{"name":"wp","href":"https:\/\/api.w.org\/{rel}","templated":true}]}}