{"id":72566,"date":"2025-11-04T22:22:24","date_gmt":"2025-11-04T22:22:24","guid":{"rendered":"https:\/\/www.europesays.com\/se\/72566\/"},"modified":"2025-11-04T22:22:24","modified_gmt":"2025-11-04T22:22:24","slug":"anfall-mot-ryska-oljan-140-mil-fran-moskva-2","status":"publish","type":"post","link":"https:\/\/www.europesays.com\/se\/72566\/","title":{"rendered":"Anfall mot ryska oljan \u2013 140 mil fr\u00e5n Moskva"},"content":{"rendered":"<p class=\"boxtextgrotesk-root_baa6 hyperion-css-7pajle\">Uppdaterad 10.41 | Publicerad 07.13<\/p>\n<p>share-arrowDela<\/p>\n<p>unsaveSpara<\/p>\n<p>expand-left<\/p>\n<p>helsk\u00e4rm<img decoding=\"async\" class=\"image-asset hyperion-css-u06ts1\" data-test-tag=\"image-asset\" src=\"https:\/\/www.europesays.com\/se\/wp-content\/uploads\/2025\/11\/bde0d78a-4c8a-4b8f-b672-83a30dee63ab\"  alt=\"Ukrainas dr\u00f6naranfall mot Ryssland har trappats upp. Det sker regelbundna nedslag i framf\u00f6r allt anl\u00e4ggningar som h\u00f6r till olje- och gasindustrin. Arkivbild.\"  loading=\"eager\" fetchpriority=\"high\" style=\"aspect-ratio:1900 \/ 1267\"\/>Ukrainas dr\u00f6naranfall mot Ryssland har trappats upp. Det sker regelbundna nedslag i framf\u00f6r allt anl\u00e4ggningar som h\u00f6r till olje- och gasindustrin. Arkivbild. Foto: Evgeniy Maloletka\/AP\/TT<\/p>\n<p class=\"hyperion-css-1shl3oz\" data-test-tag=\"lead-text\">Explosioner rapporterades p\u00e5 flera h\u00e5ll i Ryssland under natten.<\/p>\n<p class=\"hyperion-css-1shl3oz\" data-test-tag=\"lead-text\">Ett anfall ska ha riktats mot en oljeanl\u00e4ggning l\u00e5ngt in i landet \u2013 i s\u00f6dra Uralbergen, omkring 140 mil fr\u00e5n Moskva.<\/p>\n<p class=\"hyperion-css-1v9qo5x\">I sv\u00e5rverifierade filmer som sprids p\u00e5 sociala medier syns r\u00f6k och eld stiga mot himlen fr\u00e5n ett raffinaderi i staden Sterlitamak, som ligger i delrepubliken Basjkirien ungef\u00e4r 140 mil sydost om Moskva.<\/p>\n<p class=\"hyperion-css-1v9qo5x\">Minst tv\u00e5 explosioner h\u00f6rs d\u00e4r. De lokala myndigheterna hade utf\u00e4rdat ett flyglarm tidigt p\u00e5 morgonen. Den basjkiriske guvern\u00f6ren Radij Chabirov uppger f\u00f6r statskontrollerade medier att tv\u00e5 dr\u00f6nare sk\u00f6ts ned \u00f6ver raffinaderiet och att skadorna orsakades n\u00e4r de slog i marken. Enligt honom \u00e4r verksamheten p\u00e5 raffinaderiet ig\u00e5ng igen.<\/p>\n<p class=\"hyperion-css-1v9qo5x\">Den ryska milit\u00e4ren s\u00e4ger sig ha stoppat totalt 85 ukrainska dr\u00f6nare under natten till tisdag, men den brukar inte rapportera om dr\u00f6nare som inte har stoppats.<\/p>\n<p class=\"hyperion-css-1v9qo5x\">Fler explosioner har rapporterats relativt l\u00e5ngt in i Ryssland, bortom Moskva. I Nizjnij Novgorod-regionen \u00f6ster om huvudstaden uppges ett oljeraffinaderi ha satts i brand av ett anfall. Sv\u00e5rverifierade filmklipp i oberoende ryska kanaler visar en omfattande brand d\u00e4r.<\/p>\n<p class=\"hyperion-css-1v9qo5x\">Den civila flygtrafiken har stoppats i flera ryska st\u00e4der under morgonen.<\/p>\n<p class=\"hyperion-css-1v9qo5x\">Ukraina tycks ocks\u00e5 ha riktat anfall mot ryska m\u00e5l p\u00e5 ockuperad mark l\u00e4ngre bort fr\u00e5n frontlinjen. I Luhansk i \u00f6stra Ukraina har flera explosioner skett vid en ammunitionsdep\u00e5 i samband med en dr\u00f6narattack.<\/p>\n","protected":false},"excerpt":{"rendered":"Uppdaterad 10.41 | Publicerad 07.13 share-arrowDela unsaveSpara expand-left helsk\u00e4rmUkrainas dr\u00f6naranfall mot Ryssland har trappats upp. Det sker regelbundna&hellip;\n","protected":false},"author":2,"featured_media":72567,"comment_status":"","ping_status":"","sticky":false,"template":"","format":"standard","meta":{"footnotes":""},"categories":[5],"tags":[22,23,26,27,17,21,24,25,28,29,15,16,18,34,31,33,32,30,19,20],"class_list":{"0":"post-72566","1":"post","2":"type-post","3":"status-publish","4":"format-standard","5":"has-post-thumbnail","7":"category-rubriker","8":"tag-breaking-news","9":"tag-breakingnews","10":"tag-featured-news","11":"tag-featurednews","12":"tag-headlines","13":"tag-huvudnyheter","14":"tag-latest-news","15":"tag-latestnews","16":"tag-main-news","17":"tag-mainnews","18":"tag-news","19":"tag-nyheter","20":"tag-rubriker","21":"tag-se","22":"tag-svenska","23":"tag-sverige","24":"tag-sweden","25":"tag-swedish","26":"tag-top-stories","27":"tag-topstories"},"share_on_mastodon":{"url":"https:\/\/pubeurope.com\/@se\/115493768009383450","error":""},"_links":{"self":[{"href":"https:\/\/www.europesays.com\/se\/wp-json\/wp\/v2\/posts\/72566","targetHints":{"allow":["GET"]}}],"collection":[{"href":"https:\/\/www.europesays.com\/se\/wp-json\/wp\/v2\/posts"}],"about":[{"href":"https:\/\/www.europesays.com\/se\/wp-json\/wp\/v2\/types\/post"}],"author":[{"embeddable":true,"href":"https:\/\/www.europesays.com\/se\/wp-json\/wp\/v2\/users\/2"}],"replies":[{"embeddable":true,"href":"https:\/\/www.europesays.com\/se\/wp-json\/wp\/v2\/comments?post=72566"}],"version-history":[{"count":0,"href":"https:\/\/www.europesays.com\/se\/wp-json\/wp\/v2\/posts\/72566\/revisions"}],"wp:featuredmedia":[{"embeddable":true,"href":"https:\/\/www.europesays.com\/se\/wp-json\/wp\/v2\/media\/72567"}],"wp:attachment":[{"href":"https:\/\/www.europesays.com\/se\/wp-json\/wp\/v2\/media?parent=72566"}],"wp:term":[{"taxonomy":"category","embeddable":true,"href":"https:\/\/www.europesays.com\/se\/wp-json\/wp\/v2\/categories?post=72566"},{"taxonomy":"post_tag","embeddable":true,"href":"https:\/\/www.europesays.com\/se\/wp-json\/wp\/v2\/tags?post=72566"}],"curies":[{"name":"wp","href":"https:\/\/api.w.org\/{rel}","templated":true}]}}