{"id":72568,"date":"2025-11-04T22:24:11","date_gmt":"2025-11-04T22:24:11","guid":{"rendered":"https:\/\/www.europesays.com\/se\/72568\/"},"modified":"2025-11-04T22:24:11","modified_gmt":"2025-11-04T22:24:11","slug":"henrik-gradin-svarar-om-framtiden-i-modo","status":"publish","type":"post","link":"https:\/\/www.europesays.com\/se\/72568\/","title":{"rendered":"Henrik Gradin svarar om framtiden i MoDo"},"content":{"rendered":"<p><strong>Henrik Gradin har utg\u00e5ende kontrakt med <a href=\"https:\/\/hockeysverige.se\/klubb\/modo-hockey\" rel=\"nofollow noopener\" target=\"_blank\">MoDo Hockey<\/a>. <br \/>Nu svarar han om sin framtid i klubben \u2013 och intresset fr\u00e5n andra klubbar. <br \/>\u2013 Jag har f\u00e5tt f\u00f6rfr\u00e5gan om hur mitt n\u00e4sta \u00e5r ser ut, s\u00e4ger Gradin till <a href=\"https:\/\/www.allehanda.se\/2025-11-04\/jag-tror-inte-att-jag-ar-arbetslos-nasta-ar\/\" rel=\"nofollow noopener\" target=\"_blank\">\u00d6rnsk\u00f6ldsviks Allehanda<\/a>. <\/strong><\/p>\n<p><img loading=\"lazy\" decoding=\"async\" width=\"1024\" height=\"658\" src=\"https:\/\/www.europesays.com\/se\/wp-content\/uploads\/2025\/11\/Henrik-Gradin-MoDo-1024x658.webp.webp\" alt=\"Henrik Gradin. MoDo.\" class=\"wp-image-322254\"  \/>Henrik Gradin har utg\u00e5ende kontrakt med MoDo Hockey. <strong>Foto: <\/strong>Jonas Forsberg\/Bildbyr\u00e5n<\/p>\n<p>MoDo Hockey kommer att ha ett par viktiga beslut att fatta g\u00e4llande organisationen kring herrlaget. B\u00e5de sportchefen Henrik Gradin och huvudtr\u00e4naren Mattias Karlin har n\u00e4mligen kontrakt som l\u00f6per ut efter \u00e5rets s\u00e4song i <a href=\"https:\/\/hockeysverige.se\/hockeyallsvenskan\" rel=\"nofollow noopener\" target=\"_blank\">HockeyAllsvenskan<\/a>. <\/p>\n<p>Henrik Gradin menar att han inte har haft n\u00e5gra samtal med MoDos styrelse om sin egen kontraktssituation. D\u00e4remot f\u00f6rklarar \u201dHinken\u201d att det finns en deadline som inneb\u00e4r att f\u00f6rhandlingarna ska vara klara den h\u00e4r m\u00e5naden. <\/p>\n<p>\u2013 Inte om framtiden, nej. Men jag har inte funderat p\u00e5 det s\u00e5 j\u00e4ttemycket och jag har i mitt avtal att kontakten ska inledas i november och samtalet avslutas innan novembers slut. S\u00e5 \u00e4r avtalet skrivet fr\u00e5n styrelsens sida och det \u00e4r f\u00f6r klubbens och sportchefens b\u00e4sta, s\u00e4ger Gradin till \u00d6rnsk\u00f6ldsviks Allehanda. <\/p>\n<p>Henrik Gradin bekr\u00e4ftar intresse fr\u00e5n andra klubbar<\/p>\n<p>Det var 2021 som Henrik Gradin klev in som sportchef f\u00f6r MoDo Hockey parallellt med sitt arbete som scout f\u00f6r <a href=\"https:\/\/hockeysverige.se\/nhl\" rel=\"nofollow noopener\" target=\"_blank\">NHL<\/a>-klubben <a href=\"https:\/\/hockeysverige.se\/klubb\/colorado-avalanche\" rel=\"nofollow noopener\" target=\"_blank\">Colorado Avalanche<\/a>. Sedan tidigare i \u00e5r har Gradin d\u00e4remot <a href=\"https:\/\/hockeysverige.se\/hockeyallsvenskan\/henrik-gradin-lamnar-jobbet-colorado-avalanche\/\" rel=\"nofollow noopener\" target=\"_blank\">l\u00e4mnat jobbet i Colorado<\/a> f\u00f6r att vara sportchef p\u00e5 heltid i MoDo. <\/p>\n<p>M\u00e5nga klubbar vill vara tidigt ute med att rekrytera sportchefer och eftersom att Gradins kontrakt l\u00f6per ut n\u00e4sta \u00e5r bekr\u00e4ftar 52-\u00e5ringen nu att andra klubbar har visat intresse f\u00f6r honom. <\/p>\n<p>\u2013 Det har jag. Jag tror inte att jag \u00e4r arbetsl\u00f6s n\u00e4sta \u00e5r. Men jag ska vara \u00e4rlig och s\u00e4ga att jag inte har n\u00e5got bud p\u00e5 bordet, s\u00e4ger Gradin och svarar sedan \u00e4ven att klubbar har kontaktat honom f\u00f6r att h\u00f6ra om hans situation: <br \/>\u2013 Jag har f\u00e5tt f\u00f6rfr\u00e5gan om hur mitt n\u00e4sta \u00e5r ser ut, ja.<\/p>\n<p>I slutet av m\u00e5naden l\u00e4r det allts\u00e5 komma ett besked kring Henrik Gradins framtid i MoDo Hockey. <\/p>\n<p> Source: <a href=\"https:\/\/www.eliteprospects.com\/team\/9\/undefined\" target=\"_blank\" rel=\"noopener noreferrer nofollow\">MoDo Hockey<\/a> @ Elite Prospects<\/p>\n","protected":false},"excerpt":{"rendered":"Henrik Gradin har utg\u00e5ende kontrakt med MoDo Hockey. Nu svarar han om sin framtid i klubben \u2013 och&hellip;\n","protected":false},"author":2,"featured_media":72569,"comment_status":"","ping_status":"","sticky":false,"template":"","format":"standard","meta":{"footnotes":""},"categories":[68],"tags":[621,34,133,111,110,31,33,32,30],"class_list":{"0":"post-72568","1":"post","2":"type-post","3":"status-publish","4":"format-standard","5":"has-post-thumbnail","7":"category-sport","8":"tag-hockeyallsvenskan","9":"tag-se","10":"tag-second-news","11":"tag-sport","12":"tag-sports","13":"tag-svenska","14":"tag-sverige","15":"tag-sweden","16":"tag-swedish"},"share_on_mastodon":{"url":"https:\/\/pubeurope.com\/@se\/115493776043432097","error":""},"_links":{"self":[{"href":"https:\/\/www.europesays.com\/se\/wp-json\/wp\/v2\/posts\/72568","targetHints":{"allow":["GET"]}}],"collection":[{"href":"https:\/\/www.europesays.com\/se\/wp-json\/wp\/v2\/posts"}],"about":[{"href":"https:\/\/www.europesays.com\/se\/wp-json\/wp\/v2\/types\/post"}],"author":[{"embeddable":true,"href":"https:\/\/www.europesays.com\/se\/wp-json\/wp\/v2\/users\/2"}],"replies":[{"embeddable":true,"href":"https:\/\/www.europesays.com\/se\/wp-json\/wp\/v2\/comments?post=72568"}],"version-history":[{"count":0,"href":"https:\/\/www.europesays.com\/se\/wp-json\/wp\/v2\/posts\/72568\/revisions"}],"wp:featuredmedia":[{"embeddable":true,"href":"https:\/\/www.europesays.com\/se\/wp-json\/wp\/v2\/media\/72569"}],"wp:attachment":[{"href":"https:\/\/www.europesays.com\/se\/wp-json\/wp\/v2\/media?parent=72568"}],"wp:term":[{"taxonomy":"category","embeddable":true,"href":"https:\/\/www.europesays.com\/se\/wp-json\/wp\/v2\/categories?post=72568"},{"taxonomy":"post_tag","embeddable":true,"href":"https:\/\/www.europesays.com\/se\/wp-json\/wp\/v2\/tags?post=72568"}],"curies":[{"name":"wp","href":"https:\/\/api.w.org\/{rel}","templated":true}]}}