{"id":72751,"date":"2025-11-05T06:16:23","date_gmt":"2025-11-05T06:16:23","guid":{"rendered":"https:\/\/www.europesays.com\/se\/72751\/"},"modified":"2025-11-05T06:16:23","modified_gmt":"2025-11-05T06:16:23","slug":"achraf-hakimi-otrostlig-det-ar-sjukt-champions-league","status":"publish","type":"post","link":"https:\/\/www.europesays.com\/se\/72751\/","title":{"rendered":"Achraf Hakimi otr\u00f6stlig: \u201dDet \u00e4r sjukt\u201d | Champions League"},"content":{"rendered":"<p>Publicerad 4 nov 2025 kl 21.55Uppdaterad kl 23.42<\/p>\n<p>Achraf Hakimi var otr\u00f6stlig.<\/p>\n<p>PSG-stj\u00e4rnans fot vek sig illa i CL-f\u00f6rlusten mot Bayern M\u00fcnchen.<\/p>\n<p><img   alt=\"\"\/> <\/p>\n<p>Foto: Viaplay<\/p>\n<p>\u00d6ppna bild i helsk\u00e4rm<img loading=\"lazy\"   alt=\"\"\/> <\/p>\n<p>Foto: Viaplay<\/p>\n<p>\u00d6ppna bild i helsk\u00e4rm<img loading=\"lazy\"   alt=\"\"\/> <\/p>\n<p>Foto: Viaplay<\/p>\n<p>\u00d6ppna bild i helsk\u00e4rm<img loading=\"lazy\"   alt=\"\"\/> <\/p>\n<p>Foto: ABDULLAH FIRAS \/ STELLA PICTURES<\/p>\n<p>\u00d6ppna bild i helsk\u00e4rm<\/p>\n<p>Det var precis innan pausvilan som Luis Diaz delade ut en saxtackling p\u00e5 Achraf Hakimi.<\/p>\n<p>\u2013 Det d\u00e4r \u00e4r sjukt, s\u00e4ger experten Bojan Djordjic i Viaplays s\u00e4ndning.<\/p>\n<p>Marockanen vred sig i sm\u00e4rtor och br\u00f6t ihop totalt. Hakimi fick v\u00e5rd p\u00e5 planen innan han tvingades l\u00e4mna matchen.<\/p>\n<p>\u00c4ven Diaz fick l\u00e4mna planen. Colombianen fick n\u00e4mligen syna det r\u00f6da kortet efter att VAR granskat situationen.<\/p>\n<p>Efter slutsignalen s\u00e5gs Achraf Hakimi<a href=\"https:\/\/x.com\/ActuFoot_\/status\/1985836488228036728\" rel=\"nofollow\"> hoppa p\u00e5 kryckor<\/a> med en pj\u00e4xa runt h\u00f6gerfoten.<\/p>\n<p><img loading=\"lazy\"   alt=\"\"\/> <\/p>\n<p>Foto: Viaplay<\/p>\n<p>\u00d6ppna bild i helsk\u00e4rmMardr\u00f6mshalvlek f\u00f6r PSG\u00a0<\/p>\n<p>Hakimis fotskada var inte den enda PSG-smockan efter 45 minuter.<\/p>\n<p>Luis Diaz hade tidigare under halvleken gjort tv\u00e5 m\u00e5l p\u00e5 PSG. D\u00e4rtill tvingades Ballon d\u00b4Or-vinnaren Ousmane Demb\u00e9l\u00e9 l\u00e4mna planen med en befarad skadek\u00e4nning.<\/p>\n<p>Med en man mer v\u00e4ckte Joao Neves hemmahoppet n\u00e4r han reducerade i andra halvlek. Men n\u00e4rmare \u00e4n s\u00e5 kom inte PSG.\u00a0<\/p>\n<p>Bayern M\u00fcnchen vann med 2\u20131. Tyskarna \u00e4r alltj\u00e4mt obesegrade den h\u00e4r s\u00e4songen.<\/p>\n<p>Samtliga CL-resultat<\/p>\n<p>Atl\u00e9tico Madrid \u2013 Royale Union SG 3\u20131<\/p>\n<p>Bod\u00f6\/Glimt \u2013 Monaco 0\u20131<\/p>\n<p>Juventus \u2013 Sporting CP 1\u20131<\/p>\n<p>Liverpool \u2013 Real Madrid 1\u20130<\/p>\n<p>Napoli \u2013 Eintracht Frankfurt 0\u20130<\/p>\n<p>Olympiacos \u2013 PSV 1\u20131<\/p>\n<p>PSG \u2013 Bayern M\u00fcnchen 1\u20132<\/p>\n<p>Slavia Prag \u2013 Arsenal 0\u20133<\/p>\n<p>Tottenham \u2013 FC K\u00f6penhamn 4\u20130<\/p>\n<p>Visa mer<\/p>\n","protected":false},"excerpt":{"rendered":"Publicerad 4 nov 2025 kl 21.55Uppdaterad kl 23.42 Achraf Hakimi var otr\u00f6stlig. PSG-stj\u00e4rnans fot vek sig illa i&hellip;\n","protected":false},"author":2,"featured_media":72752,"comment_status":"","ping_status":"","sticky":false,"template":"","format":"standard","meta":{"footnotes":""},"categories":[5],"tags":[22,23,26,27,17,21,24,25,28,29,15,16,2427,6534,18,34,2110,129,31,33,32,30,19,20],"class_list":{"0":"post-72751","1":"post","2":"type-post","3":"status-publish","4":"format-standard","5":"has-post-thumbnail","7":"category-rubriker","8":"tag-breaking-news","9":"tag-breakingnews","10":"tag-featured-news","11":"tag-featurednews","12":"tag-headlines","13":"tag-huvudnyheter","14":"tag-latest-news","15":"tag-latestnews","16":"tag-main-news","17":"tag-mainnews","18":"tag-news","19":"tag-nyheter","20":"tag-organization-champions-league","21":"tag-organization-paris-saint-germain","22":"tag-rubriker","23":"tag-se","24":"tag-sections-championsleague","25":"tag-sections-fotboll","26":"tag-svenska","27":"tag-sverige","28":"tag-sweden","29":"tag-swedish","30":"tag-top-stories","31":"tag-topstories"},"share_on_mastodon":{"url":"https:\/\/pubeurope.com\/@se\/115495631817381216","error":""},"_links":{"self":[{"href":"https:\/\/www.europesays.com\/se\/wp-json\/wp\/v2\/posts\/72751","targetHints":{"allow":["GET"]}}],"collection":[{"href":"https:\/\/www.europesays.com\/se\/wp-json\/wp\/v2\/posts"}],"about":[{"href":"https:\/\/www.europesays.com\/se\/wp-json\/wp\/v2\/types\/post"}],"author":[{"embeddable":true,"href":"https:\/\/www.europesays.com\/se\/wp-json\/wp\/v2\/users\/2"}],"replies":[{"embeddable":true,"href":"https:\/\/www.europesays.com\/se\/wp-json\/wp\/v2\/comments?post=72751"}],"version-history":[{"count":0,"href":"https:\/\/www.europesays.com\/se\/wp-json\/wp\/v2\/posts\/72751\/revisions"}],"wp:featuredmedia":[{"embeddable":true,"href":"https:\/\/www.europesays.com\/se\/wp-json\/wp\/v2\/media\/72752"}],"wp:attachment":[{"href":"https:\/\/www.europesays.com\/se\/wp-json\/wp\/v2\/media?parent=72751"}],"wp:term":[{"taxonomy":"category","embeddable":true,"href":"https:\/\/www.europesays.com\/se\/wp-json\/wp\/v2\/categories?post=72751"},{"taxonomy":"post_tag","embeddable":true,"href":"https:\/\/www.europesays.com\/se\/wp-json\/wp\/v2\/tags?post=72751"}],"curies":[{"name":"wp","href":"https:\/\/api.w.org\/{rel}","templated":true}]}}