{"id":72810,"date":"2025-11-05T07:40:08","date_gmt":"2025-11-05T07:40:08","guid":{"rendered":"https:\/\/www.europesays.com\/se\/72810\/"},"modified":"2025-11-05T07:40:08","modified_gmt":"2025-11-05T07:40:08","slug":"stockholm-marathon-redan-slutsalt-makalost","status":"publish","type":"post","link":"https:\/\/www.europesays.com\/se\/72810\/","title":{"rendered":"Stockholm Marathon redan sluts\u00e5lt: \u201dMakal\u00f6st\u201d"},"content":{"rendered":"<p>Med 206 dagar kvar till start \u00e4r Stockholm Marathon sluts\u00e5lt, skriver arrang\u00f6ren i ett pressmeddelande. Det \u00e4r tredje \u00e5ret i rad som loppet s\u00e4ljer slut men aldrig tidigare har platserna g\u00e5tt \u00e5t s\u00e5 h\u00e4r fort.<\/p>\n<p>Mats Hedenstr\u00f6m, verksamhetschef p\u00e5 Marathongruppen, kallar det \u201dhelt makal\u00f6st\u201d.<\/p>\n<p>\u2013\u202fAtt l\u00f6pning \u00e4r hett det vet vi, men det intresse vi har sett i \u00e5r liknar ingenting vi n\u00e5gonsin varit med om, s\u00e4ger han i en kommentar.<\/p>\n<p>Stockholm Marathon g\u00e5r av stapeln den 30 maj och \u00e4r den 47:e upplagan av t\u00e4vlingen. <\/p>\n<p>Omni \u00e4r politiskt obundna och oberoende. Vi str\u00e4var efter att ge fler perspektiv p\u00e5 nyheterna. Har du fr\u00e5gor eller synpunkter kring v\u00e5r rapportering? <a href=\"https:\/\/omni.se\/stockholm-marathon-redan-slutsalt-makalost\/a\/mailto:redaktion@omni.se\" class=\"ArticleActions_contactLink__W2F1M\" rel=\"nofollow noopener\" target=\"_blank\">Kontakta redaktionen<\/a><\/p>\n","protected":false},"excerpt":{"rendered":"Med 206 dagar kvar till start \u00e4r Stockholm Marathon sluts\u00e5lt, skriver arrang\u00f6ren i ett pressmeddelande. Det \u00e4r tredje&hellip;\n","protected":false},"author":2,"featured_media":72811,"comment_status":"","ping_status":"","sticky":false,"template":"","format":"standard","meta":{"footnotes":""},"categories":[68],"tags":[3343,34,111,110,258,4076,127,31,33,32,30],"class_list":{"0":"post-72810","1":"post","2":"type-post","3":"status-publish","4":"format-standard","5":"has-post-thumbnail","7":"category-sport","8":"tag-lopning","9":"tag-se","10":"tag-sport","11":"tag-sports","12":"tag-stockholm","13":"tag-stockholm-marathon","14":"tag-stockholms-lan","15":"tag-svenska","16":"tag-sverige","17":"tag-sweden","18":"tag-swedish"},"share_on_mastodon":{"url":"https:\/\/pubeurope.com\/@se\/115495962082655996","error":""},"_links":{"self":[{"href":"https:\/\/www.europesays.com\/se\/wp-json\/wp\/v2\/posts\/72810","targetHints":{"allow":["GET"]}}],"collection":[{"href":"https:\/\/www.europesays.com\/se\/wp-json\/wp\/v2\/posts"}],"about":[{"href":"https:\/\/www.europesays.com\/se\/wp-json\/wp\/v2\/types\/post"}],"author":[{"embeddable":true,"href":"https:\/\/www.europesays.com\/se\/wp-json\/wp\/v2\/users\/2"}],"replies":[{"embeddable":true,"href":"https:\/\/www.europesays.com\/se\/wp-json\/wp\/v2\/comments?post=72810"}],"version-history":[{"count":0,"href":"https:\/\/www.europesays.com\/se\/wp-json\/wp\/v2\/posts\/72810\/revisions"}],"wp:featuredmedia":[{"embeddable":true,"href":"https:\/\/www.europesays.com\/se\/wp-json\/wp\/v2\/media\/72811"}],"wp:attachment":[{"href":"https:\/\/www.europesays.com\/se\/wp-json\/wp\/v2\/media?parent=72810"}],"wp:term":[{"taxonomy":"category","embeddable":true,"href":"https:\/\/www.europesays.com\/se\/wp-json\/wp\/v2\/categories?post=72810"},{"taxonomy":"post_tag","embeddable":true,"href":"https:\/\/www.europesays.com\/se\/wp-json\/wp\/v2\/tags?post=72810"}],"curies":[{"name":"wp","href":"https:\/\/api.w.org\/{rel}","templated":true}]}}