{"id":72823,"date":"2025-11-05T08:02:07","date_gmt":"2025-11-05T08:02:07","guid":{"rendered":"https:\/\/www.europesays.com\/se\/72823\/"},"modified":"2025-11-05T08:02:07","modified_gmt":"2025-11-05T08:02:07","slug":"over-90-doda-efter-tyfonen-vattnet-rusade-fram","status":"publish","type":"post","link":"https:\/\/www.europesays.com\/se\/72823\/","title":{"rendered":"\u00d6ver 90 d\u00f6da efter tyfonen: \u201dVattnet rusade fram\u201d"},"content":{"rendered":"<p>D\u00f6dssiffran efter tyfonen Kalmaegis framfart i Filippinerna har nu passerat 90 personer, rapporterar AFP. S\u00e4rskilt h\u00e5rt drabbad \u00e4r provinsen Cebu d\u00e4r \u00f6versv\u00e4mningarna efter tyfonen beskrivs som de v\u00e4rsta i modern tid.<\/p>\n<p>53-\u00e5rige aff\u00e4rsinnehavaren Reynaldo Vergara ber\u00e4ttar att vattenstr\u00f6mmarna utanf\u00f6r hans hus var s\u00e5 starka att det inte gick att g\u00e5 ut.<\/p>\n<p>\u2013 N\u00e5got liknande har aldrig intr\u00e4ffat. Vattnet rusade fram, s\u00e4ger han.<\/p>\n<p>Guvern\u00f6ren Pamela Baricuatro s\u00e4ger att varningarna p\u00e5 f\u00f6rhand fr\u00e4mst g\u00e4llde vinden men att vattnet blev det verkliga problemet.<\/p>\n<p>\u2013 \u00d6versv\u00e4mningarna \u00e4r helt enkelt f\u00f6r\u00f6dande, s\u00e4ger hon. <\/p>\n<p>Omni \u00e4r politiskt obundna och oberoende. Vi str\u00e4var efter att ge fler perspektiv p\u00e5 nyheterna. Har du fr\u00e5gor eller synpunkter kring v\u00e5r rapportering? <a href=\"https:\/\/omni.se\/over-90-doda-efter-tyfonen-vattnet-rusade-fram\/a\/mailto:redaktion@omni.se\" class=\"ArticleActions_contactLink__W2F1M\" rel=\"nofollow noopener\" target=\"_blank\">Kontakta redaktionen<\/a><\/p>\n","protected":false},"excerpt":{"rendered":"D\u00f6dssiffran efter tyfonen Kalmaegis framfart i Filippinerna har nu passerat 90 personer, rapporterar AFP. S\u00e4rskilt h\u00e5rt drabbad \u00e4r&hellip;\n","protected":false},"author":2,"featured_media":72824,"comment_status":"","ping_status":"","sticky":false,"template":"","format":"standard","meta":{"footnotes":""},"categories":[5],"tags":[420,22,23,26,27,3921,17,21,24,25,28,29,15,16,18,34,31,33,32,30,19,20],"class_list":{"0":"post-72823","1":"post","2":"type-post","3":"status-publish","4":"format-standard","5":"has-post-thumbnail","7":"category-rubriker","8":"tag-asien","9":"tag-breaking-news","10":"tag-breakingnews","11":"tag-featured-news","12":"tag-featurednews","13":"tag-filippinerna","14":"tag-headlines","15":"tag-huvudnyheter","16":"tag-latest-news","17":"tag-latestnews","18":"tag-main-news","19":"tag-mainnews","20":"tag-news","21":"tag-nyheter","22":"tag-rubriker","23":"tag-se","24":"tag-svenska","25":"tag-sverige","26":"tag-sweden","27":"tag-swedish","28":"tag-top-stories","29":"tag-topstories"},"share_on_mastodon":{"url":"https:\/\/pubeurope.com\/@se\/115496048554356870","error":""},"_links":{"self":[{"href":"https:\/\/www.europesays.com\/se\/wp-json\/wp\/v2\/posts\/72823","targetHints":{"allow":["GET"]}}],"collection":[{"href":"https:\/\/www.europesays.com\/se\/wp-json\/wp\/v2\/posts"}],"about":[{"href":"https:\/\/www.europesays.com\/se\/wp-json\/wp\/v2\/types\/post"}],"author":[{"embeddable":true,"href":"https:\/\/www.europesays.com\/se\/wp-json\/wp\/v2\/users\/2"}],"replies":[{"embeddable":true,"href":"https:\/\/www.europesays.com\/se\/wp-json\/wp\/v2\/comments?post=72823"}],"version-history":[{"count":0,"href":"https:\/\/www.europesays.com\/se\/wp-json\/wp\/v2\/posts\/72823\/revisions"}],"wp:featuredmedia":[{"embeddable":true,"href":"https:\/\/www.europesays.com\/se\/wp-json\/wp\/v2\/media\/72824"}],"wp:attachment":[{"href":"https:\/\/www.europesays.com\/se\/wp-json\/wp\/v2\/media?parent=72823"}],"wp:term":[{"taxonomy":"category","embeddable":true,"href":"https:\/\/www.europesays.com\/se\/wp-json\/wp\/v2\/categories?post=72823"},{"taxonomy":"post_tag","embeddable":true,"href":"https:\/\/www.europesays.com\/se\/wp-json\/wp\/v2\/tags?post=72823"}],"curies":[{"name":"wp","href":"https:\/\/api.w.org\/{rel}","templated":true}]}}