{"id":72843,"date":"2025-11-05T08:28:08","date_gmt":"2025-11-05T08:28:08","guid":{"rendered":"https:\/\/www.europesays.com\/se\/72843\/"},"modified":"2025-11-05T08:28:08","modified_gmt":"2025-11-05T08:28:08","slug":"forsta-hemmamatchen-med-nya-namnet-ovant","status":"publish","type":"post","link":"https:\/\/www.europesays.com\/se\/72843\/","title":{"rendered":"F\u00f6rsta hemmamatchen med nya namnet: \u201dOvant\u201d"},"content":{"rendered":"<p>I\u202fkv\u00e4ll kliver de svenska hockeydamerna f\u00f6r f\u00f6rsta g\u00e5ngen ut p\u00e5 hemmaisen som Tre Kronor Dam, i\u202fst\u00e4llet f\u00f6r Damkronorna. Det skriver TT som pratat med flera av spelarna inf\u00f6r matchen mot Tjeckien.<\/p>\n<p>Trots att det g\u00e5tt \u00f6ver tv\u00e5 m\u00e5nader sedan namnbytet blev klart har namnet inte satt sig. <\/p>\n<p>\u2013 Damkronorna sitter i v\u00e4ggarna, vi gillar det och jag tror m\u00e5nga gillar det, s\u00e4ger Hanna Olsson.<\/p>\n<p>Forwarden Lina Ljungblom h\u00e5ller med, \u00e4ven om hon inte funderar s\u00e5 mycket kring namnbytet.<\/p>\n<p>\u2013 Det \u00e4r n\u00e5gra som har best\u00e4mt det, s\u00e5 det \u00e4r bara att f\u00f6rs\u00f6ka v\u00e4nja sig vid det.<\/p>\n<p>I samband med att Damkronorna blev Tre Kronor Dam blev herrlandslaget Tre Kronor Herr. <\/p>\n<p>Omni \u00e4r politiskt obundna och oberoende. Vi str\u00e4var efter att ge fler perspektiv p\u00e5 nyheterna. Har du fr\u00e5gor eller synpunkter kring v\u00e5r rapportering? <a href=\"https:\/\/omni.se\/forsta-hemmamatchen-med-nya-namnet-ovant\/a\/mailto:redaktion@omni.se\" class=\"ArticleActions_contactLink__W2F1M\" rel=\"nofollow noopener\" target=\"_blank\">Kontakta redaktionen<\/a><\/p>\n","protected":false},"excerpt":{"rendered":"I\u202fkv\u00e4ll kliver de svenska hockeydamerna f\u00f6r f\u00f6rsta g\u00e5ngen ut p\u00e5 hemmaisen som Tre Kronor Dam, i\u202fst\u00e4llet f\u00f6r Damkronorna.&hellip;\n","protected":false},"author":2,"featured_media":72844,"comment_status":"","ping_status":"","sticky":false,"template":"","format":"standard","meta":{"footnotes":""},"categories":[68],"tags":[6538,6540,1472,34,111,110,31,33,32,30,6539],"class_list":{"0":"post-72843","1":"post","2":"type-post","3":"status-publish","4":"format-standard","5":"has-post-thumbnail","7":"category-sport","8":"tag-damkronorna","9":"tag-hanna-olsson","10":"tag-ishockey","11":"tag-se","12":"tag-sport","13":"tag-sports","14":"tag-svenska","15":"tag-sverige","16":"tag-sweden","17":"tag-swedish","18":"tag-tre-kronor-dam"},"share_on_mastodon":{"url":"https:\/\/pubeurope.com\/@se\/115496150829469238","error":""},"_links":{"self":[{"href":"https:\/\/www.europesays.com\/se\/wp-json\/wp\/v2\/posts\/72843","targetHints":{"allow":["GET"]}}],"collection":[{"href":"https:\/\/www.europesays.com\/se\/wp-json\/wp\/v2\/posts"}],"about":[{"href":"https:\/\/www.europesays.com\/se\/wp-json\/wp\/v2\/types\/post"}],"author":[{"embeddable":true,"href":"https:\/\/www.europesays.com\/se\/wp-json\/wp\/v2\/users\/2"}],"replies":[{"embeddable":true,"href":"https:\/\/www.europesays.com\/se\/wp-json\/wp\/v2\/comments?post=72843"}],"version-history":[{"count":0,"href":"https:\/\/www.europesays.com\/se\/wp-json\/wp\/v2\/posts\/72843\/revisions"}],"wp:featuredmedia":[{"embeddable":true,"href":"https:\/\/www.europesays.com\/se\/wp-json\/wp\/v2\/media\/72844"}],"wp:attachment":[{"href":"https:\/\/www.europesays.com\/se\/wp-json\/wp\/v2\/media?parent=72843"}],"wp:term":[{"taxonomy":"category","embeddable":true,"href":"https:\/\/www.europesays.com\/se\/wp-json\/wp\/v2\/categories?post=72843"},{"taxonomy":"post_tag","embeddable":true,"href":"https:\/\/www.europesays.com\/se\/wp-json\/wp\/v2\/tags?post=72843"}],"curies":[{"name":"wp","href":"https:\/\/api.w.org\/{rel}","templated":true}]}}