{"id":72845,"date":"2025-11-05T08:30:15","date_gmt":"2025-11-05T08:30:15","guid":{"rendered":"https:\/\/www.europesays.com\/se\/72845\/"},"modified":"2025-11-05T08:30:15","modified_gmt":"2025-11-05T08:30:15","slug":"ett-ar-med-arne-bivrin-i-faglarnas-rike","status":"publish","type":"post","link":"https:\/\/www.europesays.com\/se\/72845\/","title":{"rendered":"Ett \u00e5r med Arne Bivrin \u2013 i f\u00e5glarnas rike"},"content":{"rendered":"<p>                          Fotografer<\/p>\n<p class=\"p1 articleingress\">F\u00f6lj <a href=\"https:\/\/www.fotosidan.se\/member\/view.htm?ID=49455\" target=\"_blank\" rel=\"noopener nofollow\">Arne Bivrin<\/a> under ett \u00e5r i en ny dokument\u00e4r p\u00e5 <a href=\"https:\/\/www.svtplay.se\/video\/KnDgzX3\/pa-ett-ogonblick\" target=\"_blank\" rel=\"noopener nofollow\">SVT Play<\/a>.<\/p>\n<p class=\"p1\">Filmen f\u00f6ljer naturfotografen under ett \u00e5r d\u00e5 han genomf\u00f6r sitt livs st\u00f6rsta fotoprojekt \u2013 fyra fotoexpeditioner f\u00f6r att f\u00e5nga sina favoritf\u00e5glar i Skandinaviens vildmark.<\/p>\n<p class=\"p2\">Det blir en resa fylld av utmaningar, humor och storslagna natur\u00f6gonblick.<\/p>\n<p class=\"p2\"><a href=\"https:\/\/www.svtplay.se\/video\/KnDgzX3\/pa-ett-ogonblick?video=visa&amp;position=92\" target=\"_blank\" rel=\"noopener nofollow\"><img decoding=\"async\" src=\"https:\/\/www.europesays.com\/se\/wp-content\/uploads\/2025\/11\/947251.png\"\/><\/a><\/p>\n<p class=\"p2\">Arne Bivrins passion f\u00f6r f\u00e5gelfotografi har varit hans r\u00e4ddning efter en personlig tragedi. Genom kameran fann han en v\u00e4g tillbaka till livet. <\/p>\n<p class=\"p2\">H\u00e4r m\u00f6ter vi honom bland havs\u00f6rnar i Norge, lappugglor i svenska skogar och ripor i Lapplands fj\u00e4ll.<\/p>\n<p class=\"p2\">En dokument\u00e4r av Emil Sergel, producerad 2025. <\/p>\n<p>      \t\t\t<img decoding=\"async\" src=\"https:\/\/www.europesays.com\/se\/wp-content\/uploads\/2025\/08\/7ad6b79007376b3d2364e4cfe4bf04d5.jpg\" border=\"0\" alt=\"\"\/>\t\t\t\t<\/p>\n<p>Publicerad 2025-11-05. <\/p>\n","protected":false},"excerpt":{"rendered":"Fotografer F\u00f6lj Arne Bivrin under ett \u00e5r i en ny dokument\u00e4r p\u00e5 SVT Play. Filmen f\u00f6ljer naturfotografen under&hellip;\n","protected":false},"author":2,"featured_media":72846,"comment_status":"","ping_status":"","sticky":false,"template":"","format":"standard","meta":{"footnotes":""},"categories":[66],"tags":[6541,5067,80,78,79,34,31,33,1781,32,30,81,84,83,82],"class_list":{"0":"post-72845","1":"post","2":"type-post","3":"status-publish","4":"format-standard","5":"has-post-thumbnail","7":"category-vetenskap-och-teknik","8":"tag-arne-bivrin","9":"tag-naturfoto","10":"tag-science","11":"tag-science-and-technology","12":"tag-scienceandtechnology","13":"tag-se","14":"tag-svenska","15":"tag-sverige","16":"tag-svt-play","17":"tag-sweden","18":"tag-swedish","19":"tag-technology","20":"tag-teknik","21":"tag-vetenskap","22":"tag-vetenskapteknik"},"share_on_mastodon":{"url":"https:\/\/pubeurope.com\/@se\/115496158880763030","error":""},"_links":{"self":[{"href":"https:\/\/www.europesays.com\/se\/wp-json\/wp\/v2\/posts\/72845","targetHints":{"allow":["GET"]}}],"collection":[{"href":"https:\/\/www.europesays.com\/se\/wp-json\/wp\/v2\/posts"}],"about":[{"href":"https:\/\/www.europesays.com\/se\/wp-json\/wp\/v2\/types\/post"}],"author":[{"embeddable":true,"href":"https:\/\/www.europesays.com\/se\/wp-json\/wp\/v2\/users\/2"}],"replies":[{"embeddable":true,"href":"https:\/\/www.europesays.com\/se\/wp-json\/wp\/v2\/comments?post=72845"}],"version-history":[{"count":0,"href":"https:\/\/www.europesays.com\/se\/wp-json\/wp\/v2\/posts\/72845\/revisions"}],"wp:featuredmedia":[{"embeddable":true,"href":"https:\/\/www.europesays.com\/se\/wp-json\/wp\/v2\/media\/72846"}],"wp:attachment":[{"href":"https:\/\/www.europesays.com\/se\/wp-json\/wp\/v2\/media?parent=72845"}],"wp:term":[{"taxonomy":"category","embeddable":true,"href":"https:\/\/www.europesays.com\/se\/wp-json\/wp\/v2\/categories?post=72845"},{"taxonomy":"post_tag","embeddable":true,"href":"https:\/\/www.europesays.com\/se\/wp-json\/wp\/v2\/tags?post=72845"}],"curies":[{"name":"wp","href":"https:\/\/api.w.org\/{rel}","templated":true}]}}