{"id":72887,"date":"2025-11-05T09:11:09","date_gmt":"2025-11-05T09:11:09","guid":{"rendered":"https:\/\/www.europesays.com\/se\/72887\/"},"modified":"2025-11-05T09:11:09","modified_gmt":"2025-11-05T09:11:09","slug":"losviktsgodiset-lyfter-cloetta-stark-tillvaxt-trots-svagare-markesvaror","status":"publish","type":"post","link":"https:\/\/www.europesays.com\/se\/72887\/","title":{"rendered":"L\u00f6sviktsgodiset lyfter Cloetta \u2013 stark tillv\u00e4xt trots svagare m\u00e4rkesvaror"},"content":{"rendered":"<p>Cloettas l\u00f6sviktssegment forts\u00e4tter v\u00e4xa kraftigt under tredje kvartalet. Samtidigt backade f\u00f6rs\u00e4ljningen av f\u00f6rpackade m\u00e4rkesvaror, men l\u00f6nsamheten n\u00e5dde den h\u00f6gsta niv\u00e5n hittills.<\/p>\n<p>            den 5 november 2025 08:27<\/p>\n<p>Cloettas tredje kvartal visar en tydlig tudelning. L\u00f6sviktsgodiset blev \u00e5ter Cloettas starkaste kort under tredje kvartalet. Segmentet v\u00e4xte med 9,4 procent organiskt medan f\u00f6rs\u00e4ljningen av f\u00f6rpackade m\u00e4rkesvaror f\u00f6ll.<\/p>\n<p>\u201dV\u00e5r satsning p\u00e5 Pick &amp; mix forts\u00e4tter att skapa v\u00e4rde. Vi ser b\u00e5de h\u00f6gre f\u00f6rs\u00e4ljningsvolymer och f\u00f6rb\u00e4ttrad l\u00f6nsamhet i segmentet\u201d, skriver vd Henri de Sauvage-Nolting i rapporten.<\/p>\n<p>\n                        Ja, tack! Jag vill prenumerera p\u00e5 Food Supply under 1 m\u00e5nad. Ingen bindningstid Du f\u00e5r ocks\u00e5 tillg\u00e5ng till e-tidning, nyhetsbrev och plusartiklar p\u00e5 hemsidan\n                    <\/p>\n<p>\n                    F\u00e5 tillg\u00e5ng till allt inneh\u00e5ll p\u00e5 Food Supply\n                <\/p>\n<p>\n                    Ingen bindningstid eller kortinformation kr\u00e4vs\n                <\/p>\n<p>\n                        G\u00e4ller endast personlig prenumeration.\n                    <\/p>\n<p>                                            <a v-for=\"(project, index) in projects\" v-show=\"index &lt; max || showAll\" v-bind:href=\"'https:\/\/www.projektagenten.se\/project\/' + project.id\" target=\"_blank\" class=\"article-project\"><\/p>\n<p>                                                {{ project.name }}<br \/>\n                                                L\u00e4s om projektet<br \/>\n                                            <\/a><\/p>\n<p>                                                Alla relaterade projekt<\/p>\n","protected":false},"excerpt":{"rendered":"Cloettas l\u00f6sviktssegment forts\u00e4tter v\u00e4xa kraftigt under tredje kvartalet. Samtidigt backade f\u00f6rs\u00e4ljningen av f\u00f6rpackade m\u00e4rkesvaror, men l\u00f6nsamheten n\u00e5dde den&hellip;\n","protected":false},"author":2,"featured_media":72888,"comment_status":"","ping_status":"","sticky":false,"template":"","format":"standard","meta":{"footnotes":""},"categories":[65],"tags":[72,70,71,34,31,33,32,30],"class_list":{"0":"post-72887","1":"post","2":"type-post","3":"status-publish","4":"format-standard","5":"has-post-thumbnail","7":"category-ekonomi","8":"tag-business","9":"tag-economy","10":"tag-ekonomi","11":"tag-se","12":"tag-svenska","13":"tag-sverige","14":"tag-sweden","15":"tag-swedish"},"share_on_mastodon":{"url":"https:\/\/pubeurope.com\/@se\/115496320063147947","error":""},"_links":{"self":[{"href":"https:\/\/www.europesays.com\/se\/wp-json\/wp\/v2\/posts\/72887","targetHints":{"allow":["GET"]}}],"collection":[{"href":"https:\/\/www.europesays.com\/se\/wp-json\/wp\/v2\/posts"}],"about":[{"href":"https:\/\/www.europesays.com\/se\/wp-json\/wp\/v2\/types\/post"}],"author":[{"embeddable":true,"href":"https:\/\/www.europesays.com\/se\/wp-json\/wp\/v2\/users\/2"}],"replies":[{"embeddable":true,"href":"https:\/\/www.europesays.com\/se\/wp-json\/wp\/v2\/comments?post=72887"}],"version-history":[{"count":0,"href":"https:\/\/www.europesays.com\/se\/wp-json\/wp\/v2\/posts\/72887\/revisions"}],"wp:featuredmedia":[{"embeddable":true,"href":"https:\/\/www.europesays.com\/se\/wp-json\/wp\/v2\/media\/72888"}],"wp:attachment":[{"href":"https:\/\/www.europesays.com\/se\/wp-json\/wp\/v2\/media?parent=72887"}],"wp:term":[{"taxonomy":"category","embeddable":true,"href":"https:\/\/www.europesays.com\/se\/wp-json\/wp\/v2\/categories?post=72887"},{"taxonomy":"post_tag","embeddable":true,"href":"https:\/\/www.europesays.com\/se\/wp-json\/wp\/v2\/tags?post=72887"}],"curies":[{"name":"wp","href":"https:\/\/api.w.org\/{rel}","templated":true}]}}