{"id":72914,"date":"2025-11-05T09:32:21","date_gmt":"2025-11-05T09:32:21","guid":{"rendered":"https:\/\/www.europesays.com\/se\/72914\/"},"modified":"2025-11-05T09:32:21","modified_gmt":"2025-11-05T09:32:21","slug":"frida-karlsson-chockad-av-ai-bilden-pa-sig-sjalv","status":"publish","type":"post","link":"https:\/\/www.europesays.com\/se\/72914\/","title":{"rendered":"Frida Karlsson chockad av AI-bilden p\u00e5 sig sj\u00e4lv"},"content":{"rendered":"<p>Publicerad 4 nov 2025 kl 16.50<\/p>\n<p>Frida Karlsson tog en selfie med Johannes H\u00f6sflot Kl\u00e4bo.<\/p>\n<p>N\u00e4r bilden sedan publicerades p\u00e5 Instagram fattade hon ingenting.<\/p>\n<p>\u2013 \u00c4r det h\u00e4r ett sk\u00e4mt?<\/p>\n<p><img loading=\"lazy\"   alt=\"\"\/><\/p>\n<p>Originalbilden p\u00e5 Frida Karlsson och Johannes H\u00f6sflot Kl\u00e4bo.<\/p>\n<p>Foto: Instagram.<\/p>\n<p>\u00d6ppna bild i helsk\u00e4rm<img loading=\"lazy\"   alt=\"\"\/><\/p>\n<p>Frida Karlsson skrattar n\u00e4r hon pratar om den AI-redigerade bilden.<\/p>\n<p>Foto: Expressen.<\/p>\n<p>\u00d6ppna bild i helsk\u00e4rm<\/p>\n<p>Juni \u00e4r p\u00e5 v\u00e4g att ta slut men uppe p\u00e5 glaci\u00e4ren i \u00f6sterrikiska Ramsau finns det gott om sn\u00f6 kvar. I solskenet susar tv\u00e5 l\u00e4ngdskid\u00e5kare fram i solbrillor och tr\u00e4ningskl\u00e4der. Det \u00e4r inte vilken duo som helst:<\/p>\n<p>Johannes H\u00f6sflot Kl\u00e4bo, femfaldig olympisk m\u00e4stare och <a href=\"https:\/\/www.expressen.se\/tagg\/person\/frida-karlsson\/\" class=\"\" rel=\"nofollow noopener\" target=\"_blank\">Frida Karlsson<\/a>, v\u00e4rldsm\u00e4stare p\u00e5 femmilen i Trondheim.<\/p>\n<p>De nordiska skidstj\u00e4rnorna \u00e4r p\u00e5 plats i \u00d6sterrike tillsammans med sitt skidm\u00e4rke f\u00f6r att spela in klipp, ta reklambilder och testa nya produkter.<\/p>\n<p>Kl\u00e4bo och Karlsson hinner ocks\u00e5 kn\u00e4ppa en selfie p\u00e5 glaci\u00e4ren som publiceras p\u00e5 deras Instagram-konton och f\u00e5r tusentals lajks. S\u00e5 l\u00e5ngt \u00e4r det inget m\u00e4rkv\u00e4rdigt med den h\u00e4r historien.<\/p>\n<p>Kl\u00e4bo: \u201dS\u00e5g sinnessjuka ut\u201d<\/p>\n<p>Men n\u00e4r det internationella skidf\u00f6rbundet (FIS) n\u00e5gon vecka sedan delar vidare bilden ser Johannes H\u00f6sflot Kl\u00e4bo och Frida Karlsson lite annorlunda ut.<\/p>\n<p>Karlsson blundar inte l\u00e4ngre med ena \u00f6gat och Kl\u00e4bo har f\u00e5tt betydligt st\u00f6rre t\u00e4nder. Dessutom har ett par av sponsorloggorna p\u00e5 norrmannens tr\u00f6ja spegelv\u00e4nts.<\/p>\n<p>\u2013 Mina t\u00e4nder s\u00e5g sinnessjuka ut och stod i alla riktningar. Jag var bara tvungen att fr\u00e5ga vad som egentligen hade skett. Man beh\u00f6ver ju inte vara raketforskare f\u00f6r att se att bilden blivit redigerad med AI, s\u00e4ger Johannes H\u00f6sflot Kl\u00e4bo <a href=\"https:\/\/www.tv2.no\/video\/sport\/--det-ble-mye-styr\/0AUNgtlh6k-20306134?utm_medium=Social&amp;utm_source=Facebook&amp;fbclid=IwY2xjawNNrhhleHRuA2FlbQIxMABicmlkETFCYVBzeTJtdWRqZk03MW53AR5X0h91noGw4sDSG7B9G1sbOzfyAPTbjaQ9uGzoopSwYc8FC5tzI2xdZCenrw_aem_DpqBwFoO-JopTwsWX46Pwg\" rel=\"nofollow noopener\" target=\"_blank\">till TV2 Norge<\/a>.<\/p>\n<p><img loading=\"lazy\"   alt=\"\"\/><\/p>\n<p>Den AI-putsade kopian.<\/p>\n<p>Foto: Instagram.<\/p>\n<p>\u00d6ppna bild i helsk\u00e4rm<\/p>\n<p>Han har r\u00e4tt i sin analys. Bilden hade AI-redigerats och gett tv\u00e5 av skidsportens st\u00f6rsta stj\u00e4rnor ett lite f\u00f6r\u00e4ndrat utseende.<\/p>\n<p>\u2013 F\u00f6rst t\u00e4nker jag att det d\u00e4r inte ser ut som jag. Jag reagerade direkt p\u00e5 att de hade gjort n\u00e5got, s\u00e4ger Frida Karlsson och skrattar.<\/p>\n<p>\u2013 \u00c4r det h\u00e4r ett sk\u00e4mt? Eller \u00e4r det p\u00e5 riktigt? Det blev r\u00e4tt kul till slut.<\/p>\n<p><strong>Vilken version gillar du b\u00e4st?<\/strong><\/p>\n<p>\u2013 Vi var lite b\u00e4ttre innan. Originalet \u00e4r alltid b\u00e4st!<\/p>\n","protected":false},"excerpt":{"rendered":"Publicerad 4 nov 2025 kl 16.50 Frida Karlsson tog en selfie med Johannes H\u00f6sflot Kl\u00e4bo. N\u00e4r bilden sedan&hellip;\n","protected":false},"author":2,"featured_media":72915,"comment_status":"","ping_status":"","sticky":false,"template":"","format":"standard","meta":{"footnotes":""},"categories":[68],"tags":[4484,6546,34,857,111,110,31,33,32,30],"class_list":{"0":"post-72914","1":"post","2":"type-post","3":"status-publish","4":"format-standard","5":"has-post-thumbnail","7":"category-sport","8":"tag-person-frida-karlsson","9":"tag-person-johannes-hosflot-klabo","10":"tag-se","11":"tag-sections-langdskidor","12":"tag-sport","13":"tag-sports","14":"tag-svenska","15":"tag-sverige","16":"tag-sweden","17":"tag-swedish"},"share_on_mastodon":{"url":"https:\/\/pubeurope.com\/@se\/115496402734903325","error":""},"_links":{"self":[{"href":"https:\/\/www.europesays.com\/se\/wp-json\/wp\/v2\/posts\/72914","targetHints":{"allow":["GET"]}}],"collection":[{"href":"https:\/\/www.europesays.com\/se\/wp-json\/wp\/v2\/posts"}],"about":[{"href":"https:\/\/www.europesays.com\/se\/wp-json\/wp\/v2\/types\/post"}],"author":[{"embeddable":true,"href":"https:\/\/www.europesays.com\/se\/wp-json\/wp\/v2\/users\/2"}],"replies":[{"embeddable":true,"href":"https:\/\/www.europesays.com\/se\/wp-json\/wp\/v2\/comments?post=72914"}],"version-history":[{"count":0,"href":"https:\/\/www.europesays.com\/se\/wp-json\/wp\/v2\/posts\/72914\/revisions"}],"wp:featuredmedia":[{"embeddable":true,"href":"https:\/\/www.europesays.com\/se\/wp-json\/wp\/v2\/media\/72915"}],"wp:attachment":[{"href":"https:\/\/www.europesays.com\/se\/wp-json\/wp\/v2\/media?parent=72914"}],"wp:term":[{"taxonomy":"category","embeddable":true,"href":"https:\/\/www.europesays.com\/se\/wp-json\/wp\/v2\/categories?post=72914"},{"taxonomy":"post_tag","embeddable":true,"href":"https:\/\/www.europesays.com\/se\/wp-json\/wp\/v2\/tags?post=72914"}],"curies":[{"name":"wp","href":"https:\/\/api.w.org\/{rel}","templated":true}]}}