{"id":72921,"date":"2025-11-05T09:39:08","date_gmt":"2025-11-05T09:39:08","guid":{"rendered":"https:\/\/www.europesays.com\/se\/72921\/"},"modified":"2025-11-05T09:39:08","modified_gmt":"2025-11-05T09:39:08","slug":"hog-sjalvmordsrisk-efter-psykiatrisk-tvangsvard","status":"publish","type":"post","link":"https:\/\/www.europesays.com\/se\/72921\/","title":{"rendered":"H\u00f6g sj\u00e4lvmordsrisk efter psykiatrisk tv\u00e5ngsv\u00e5rd"},"content":{"rendered":"<p>\u2013 Resultaten visar bland annat att tv\u00e5ngsv\u00e5rd \u00e4r en riskmark\u00f6r f\u00f6r suicid. Fynden b\u00f6r ocks\u00e5 kunna anv\u00e4ndas f\u00f6r att identifiera s\u00e4rskilda riskgrupper, men det \u00e4r viktigt att po\u00e4ngtera att v\u00e5r observationsstudie inte kan tolkas som att tv\u00e5ngsv\u00e5rd skulle orsaka suicid. D\u00e4remot \u00e4r det viktigt att v\u00e5rden f\u00f6ljer dessa patienter med r\u00e4tt st\u00f6d efter utskrivning. Vi vill nu unders\u00f6ka om skillnaderna i risk kan anv\u00e4ndas som st\u00f6d f\u00f6r utskrivningsbeslut och skr\u00e4ddad uppf\u00f6ljning efter tv\u00e5ngsv\u00e5rd, s\u00e4ger <a href=\"https:\/\/ki.se\/personer\/john-wallert#about-me\" data-entity-type=\"external\" rel=\"nofollow noopener\" target=\"_blank\">John Wallert<\/a>, bitr\u00e4dande lektor och docent vid samma institution samt huvudansvarig forskare.<\/p>\n<p>Studien anv\u00e4nde data fr\u00e5n flera nationella register och genomf\u00f6rdes i samarbete med bland annat University of Oxford (Storbritannien) och Indiana University (USA). Den har finansierats av Vetenskapsr\u00e5det, ALF, CIMED, FORTE och S\u00f6derstr\u00f6m-K\u00f6nigska stiftelsen. Se studien f\u00f6r eventuella intressekonflikter.\u00a0<\/p>\n<p><strong>Publikation<\/strong><\/p>\n<p><a href=\"https:\/\/www.thelancet.com\/journals\/lanepe\/article\/PIIS2666-7762(25)00296-0\/fulltext\" data-entity-type=\"external\" rel=\"nofollow noopener\" target=\"_blank\">\u201dSuicide after involuntary psychiatric care: a nationwide cohort study in Sweden\u201d<\/a>, Leoni Grossmann, Fred Johansson, Seena Fazel, Ralf Kuja-Halkola, Bj\u00f6rn Br\u00e5stad, David Mataix-Cols, Lorena Fern\u00e1ndez de la Cruz, Bo Runeson, Paul Lichtenstein, Zheng Chang, Henrik Larsson, Isabell Brikell, Brian D\u2019Onofrio, Ronnie Pingel, Christian R\u00fcck, John Wallert, The Lancet Regional Health \u2013 Europe, online 4 november 2025, doi:\u00a010.1016\/j.lanepe.2025.101504<\/p>\n","protected":false},"excerpt":{"rendered":"\u2013 Resultaten visar bland annat att tv\u00e5ngsv\u00e5rd \u00e4r en riskmark\u00f6r f\u00f6r suicid. Fynden b\u00f6r ocks\u00e5 kunna anv\u00e4ndas f\u00f6r&hellip;\n","protected":false},"author":2,"featured_media":72922,"comment_status":"","ping_status":"","sticky":false,"template":"","format":"standard","meta":{"footnotes":""},"categories":[69],"tags":[113,112,34,31,33,32,30],"class_list":{"0":"post-72921","1":"post","2":"type-post","3":"status-publish","4":"format-standard","5":"has-post-thumbnail","7":"category-halsa","8":"tag-halsa","9":"tag-health","10":"tag-se","11":"tag-svenska","12":"tag-sverige","13":"tag-sweden","14":"tag-swedish"},"share_on_mastodon":{"url":"https:\/\/pubeurope.com\/@se\/115496430015237076","error":""},"_links":{"self":[{"href":"https:\/\/www.europesays.com\/se\/wp-json\/wp\/v2\/posts\/72921","targetHints":{"allow":["GET"]}}],"collection":[{"href":"https:\/\/www.europesays.com\/se\/wp-json\/wp\/v2\/posts"}],"about":[{"href":"https:\/\/www.europesays.com\/se\/wp-json\/wp\/v2\/types\/post"}],"author":[{"embeddable":true,"href":"https:\/\/www.europesays.com\/se\/wp-json\/wp\/v2\/users\/2"}],"replies":[{"embeddable":true,"href":"https:\/\/www.europesays.com\/se\/wp-json\/wp\/v2\/comments?post=72921"}],"version-history":[{"count":0,"href":"https:\/\/www.europesays.com\/se\/wp-json\/wp\/v2\/posts\/72921\/revisions"}],"wp:featuredmedia":[{"embeddable":true,"href":"https:\/\/www.europesays.com\/se\/wp-json\/wp\/v2\/media\/72922"}],"wp:attachment":[{"href":"https:\/\/www.europesays.com\/se\/wp-json\/wp\/v2\/media?parent=72921"}],"wp:term":[{"taxonomy":"category","embeddable":true,"href":"https:\/\/www.europesays.com\/se\/wp-json\/wp\/v2\/categories?post=72921"},{"taxonomy":"post_tag","embeddable":true,"href":"https:\/\/www.europesays.com\/se\/wp-json\/wp\/v2\/tags?post=72921"}],"curies":[{"name":"wp","href":"https:\/\/api.w.org\/{rel}","templated":true}]}}