{"id":72931,"date":"2025-11-05T09:49:12","date_gmt":"2025-11-05T09:49:12","guid":{"rendered":"https:\/\/www.europesays.com\/se\/72931\/"},"modified":"2025-11-05T09:49:12","modified_gmt":"2025-11-05T09:49:12","slug":"har-ar-ganget-som-programleder-musikhjalpen-2025-musikhjalpen","status":"publish","type":"post","link":"https:\/\/www.europesays.com\/se\/72931\/","title":{"rendered":"H\u00e4r \u00e4r g\u00e4nget som programleder Musikhj\u00e4lpen\u00a02025 &#8211; Musikhj\u00e4lpen"},"content":{"rendered":"<p><strong>Den 1-7 december s\u00e4nds Musikhj\u00e4lpen fr\u00e5n Stora torget i Karlstad. Radarparet fr\u00e5n f\u00f6rra \u00e5ret, Linnea Wikblad och Assia Dahir, \u00e4r tillbaka som programledare. I \u00e5r g\u00e5r de in i buren tillsammans med komikern och v\u00e4rml\u00e4nningen Hampus Hedstr\u00f6m. <\/strong><\/p>\n<p>F\u00f6rutom trion Linnea, Assia och Hampus i buren kommer Pontus Bjernekull M\u00f6rner finnas ute bland publiken p\u00e5 K\u00e4rlekens torg. \u00c5rets resande reporter \u00e4r Love Lyssarides. Alla har de h\u00f6ga f\u00f6rv\u00e4ntningar p\u00e5 veckan.<\/p>\n<p>\u2013 Musikhj\u00e4lpen \u00e4r nog den vackraste tradition vi har i Sverige, n\u00e4r hela landet sluter upp tillsammans f\u00f6r en s\u00e5 viktig sak. Men det b\u00e4sta, att vi f\u00e5r g\u00f6ra det i mitt \u00e4lskade V\u00e4rmland! Jag \u00e4r 100 procent trygg med att V\u00e4rmland kommer leverera hela veckan, s\u00e4ger <strong>Hampus Hedstr\u00f6m<\/strong>.<\/p>\n<p>Assia Dahir var en av f\u00f6rra \u00e5rets programledare och hon har \u00e4ven varit Musikhj\u00e4lpens torgreporter tre \u00e5r i rad.<\/p>\n<p>\u2013 Jag \u00e4r redo att omslutas av Sveriges absolut b\u00e4sta vecka. Jag har h\u00f6\u00f6\u00f6ga f\u00f6rv\u00e4ntningar p\u00e5 Karlstad! Jag har h\u00f6rt lite rykten om deras engagemang inf\u00f6r Musikhj\u00e4lpen, s\u00e4ger <strong>Assia Dahir<\/strong>.<\/p>\n<p>Efter f\u00f6rra \u00e5rets Musikhj\u00e4lpen antydde Linnea Wikblad att hon nog skulle tacka ja om hon fick fr\u00e5gan igen.\u00a0\u00a0<\/p>\n<p>\u2013 Det k\u00e4nns s\u00e5klart j\u00e4ttefint att f\u00e5 f\u00f6rtroendet \u00e4nnu ett \u00e5r! Musikhj\u00e4lpen har ju blivit som en folkr\u00f6relse och jag ser fram emot att g\u00e5 in i den bubblan tillsammans med tittarna och lyssnarna igen, s\u00e4ger <strong>Linnea Wikblad<\/strong>.\u00a0<\/p>\n<p>Under veckan brukar det bubbla av aktiviteter p\u00e5 \u201dK\u00e4rlekens torg\u201d. D\u00e4r kommer torgreportern Pontus Bjernekull M\u00f6rner finnas.<\/p>\n<p>\u2013 Det \u00e4r en \u00e4ra att f\u00e5 vara en del av \u00e5rets Musikhj\u00e4lpen och att vi tillsammans kan g\u00f6ra skillnad inom ett \u00e4mne som man verkligen kan relatera till. Jag f\u00f6rv\u00e4ntar mig extremt mycket skoj och en lekfull h\u00e4rlig st\u00e4mning p\u00e5 torget, s\u00e4ger <strong>Pontus Bjernekull M\u00f6rner<\/strong>.<\/p>\n<p>\u00c5rets tema \u00e4r \u201dAlla barn har r\u00e4tt att g\u00e5 i skolan\u201d och resande reporter \u00e4r utrikeskorrespondenten Love Lyssarides.<\/p>\n<p>\u2013 \u00c5rets tema k\u00e4nns viktigare \u00e4n n\u00e5gonsin och jag ser fram emot att f\u00e5 vara en del av det h\u00e4r galna \u00e4ventyret. Det ska bli s\u00e5 sjukt sp\u00e4nnande att f\u00e5 ta hem ber\u00e4ttelserna fr\u00e5n v\u00e4rlden till buren, s\u00e4ger <strong>Love Lyssarides<\/strong>.\u00a0<\/p>\n<p class=\"call-to-action th-bg-color-light\"><a class=\"external-link\" rel=\"noreferrer noopener nofollow\" target=\"_blank\" href=\"https:\/\/bossan.musikhjalpen.se\/\">Starta din insamlingsb\u00f6ssa f\u00f6r Musikhj\u00e4lpen h\u00e4r!<\/a><\/p>\n","protected":false},"excerpt":{"rendered":"Den 1-7 december s\u00e4nds Musikhj\u00e4lpen fr\u00e5n Stora torget i Karlstad. Radarparet fr\u00e5n f\u00f6rra \u00e5ret, Linnea Wikblad och Assia&hellip;\n","protected":false},"author":2,"featured_media":72932,"comment_status":"","ping_status":"","sticky":false,"template":"","format":"standard","meta":{"footnotes":""},"categories":[67],"tags":[104,6551,6552,6549,6548,34,31,33,586,6550,32,30,105],"class_list":{"0":"post-72931","1":"post","2":"type-post","3":"status-publish","4":"format-standard","5":"has-post-thumbnail","7":"category-underhallning","8":"tag-entertainment","9":"tag-glasburen","10":"tag-glashuset","11":"tag-musikhjlpen","12":"tag-radiohjlpen","13":"tag-se","14":"tag-svenska","15":"tag-sverige","16":"tag-svt","17":"tag-svtplay","18":"tag-sweden","19":"tag-swedish","20":"tag-underhallning"},"share_on_mastodon":{"url":"https:\/\/pubeurope.com\/@se\/115496469410991400","error":""},"_links":{"self":[{"href":"https:\/\/www.europesays.com\/se\/wp-json\/wp\/v2\/posts\/72931","targetHints":{"allow":["GET"]}}],"collection":[{"href":"https:\/\/www.europesays.com\/se\/wp-json\/wp\/v2\/posts"}],"about":[{"href":"https:\/\/www.europesays.com\/se\/wp-json\/wp\/v2\/types\/post"}],"author":[{"embeddable":true,"href":"https:\/\/www.europesays.com\/se\/wp-json\/wp\/v2\/users\/2"}],"replies":[{"embeddable":true,"href":"https:\/\/www.europesays.com\/se\/wp-json\/wp\/v2\/comments?post=72931"}],"version-history":[{"count":0,"href":"https:\/\/www.europesays.com\/se\/wp-json\/wp\/v2\/posts\/72931\/revisions"}],"wp:featuredmedia":[{"embeddable":true,"href":"https:\/\/www.europesays.com\/se\/wp-json\/wp\/v2\/media\/72932"}],"wp:attachment":[{"href":"https:\/\/www.europesays.com\/se\/wp-json\/wp\/v2\/media?parent=72931"}],"wp:term":[{"taxonomy":"category","embeddable":true,"href":"https:\/\/www.europesays.com\/se\/wp-json\/wp\/v2\/categories?post=72931"},{"taxonomy":"post_tag","embeddable":true,"href":"https:\/\/www.europesays.com\/se\/wp-json\/wp\/v2\/tags?post=72931"}],"curies":[{"name":"wp","href":"https:\/\/api.w.org\/{rel}","templated":true}]}}