{"id":72957,"date":"2025-11-05T10:13:16","date_gmt":"2025-11-05T10:13:16","guid":{"rendered":"https:\/\/www.europesays.com\/se\/72957\/"},"modified":"2025-11-05T10:13:16","modified_gmt":"2025-11-05T10:13:16","slug":"hampus-hedstrom-i-trio-som-leder-musikhjalpen-2025","status":"publish","type":"post","link":"https:\/\/www.europesays.com\/se\/72957\/","title":{"rendered":"Hampus Hedstr\u00f6m i trio som leder Musikhj\u00e4lpen 2025"},"content":{"rendered":"<p>Linnea Wikblad, Assia Dahir och Hampus Hedstr\u00f6m.<\/p>\n<p>Det \u00e4r programledartrion som leder \u201dMusikhj\u00e4lpen\u201d 2025.<\/p>\n<p><img   alt=\"\"\/><\/p>\n<p>Linnea Wikblad.<\/p>\n<p>Foto: Mattias Ahlm \/ Sveriges Radio<\/p>\n<p>\u00d6ppna bild i helsk\u00e4rm<img loading=\"lazy\"   alt=\"\"\/><\/p>\n<p>Assia Dahir.<\/p>\n<p>Foto: Mattias Ahlm \/ Sveriges Radio<\/p>\n<p>\u00d6ppna bild i helsk\u00e4rm<img loading=\"lazy\"   alt=\"\"\/><\/p>\n<p>Hampus Hedstr\u00f6m.<\/p>\n<p>Foto: Karin T\u00f6rnblom \/ IBL<\/p>\n<p>\u00d6ppna bild i helsk\u00e4rm<\/p>\n<p>Under parollen \u201dAlla barn har r\u00e4tt att g\u00e5 i skolan\u201d kommer \u00e5rets \u201d<a href=\"https:\/\/www.expressen.se\/tagg\/organization\/musikhjalpen\/\" class=\"\" rel=\"nofollow noopener\" target=\"_blank\">Musikhj\u00e4lpen<\/a>\u201d att s\u00e4nda live under en vecka fr\u00e5n Karlstad i december.<\/p>\n<p>P\u00e5 onsdagen avsl\u00f6jades \u00e5rets programledare: Linnea Wikblad, Assia Dahir och Hampus Hedstr\u00f6m kommer alla att kliva in i buren. De ackompanjeras av Pontus Bjernekull M\u00f6rner som kommer vara reporter p\u00e5 k\u00e4rlekens torg och Love Lyssarides i rollen som resande reporter.<\/p>\n<p>\u2013 Det \u00e4r en j\u00e4vligt h\u00e4ftig vecka som \u00e4r varm och full av empati i en tid n\u00e4r det k\u00e4nns v\u00e4ldigt br\u00e5kigt, det \u00e4r v\u00e4l det som g\u00f6r att folk \u00e4lskar Musikhj\u00e4lpen, tror jag. Det \u00e4r s\u00e5 sn\u00e4llt, varmt och inkluderande och medm\u00e4nskligt. Det \u00e4r \u00e5 ena sidan det b\u00e4sta, men f\u00f6r mig personligen \u00e4r det v\u00e4ldigt, v\u00e4ldigt roligt, s\u00e4ger Linnea Wikblad.<\/p>\n<p>Hon \u00e4r glad \u00f6ver att f\u00e5 chansen att vara med och programleda \u201dMusikhj\u00e4lpen\u201d \u2013 f\u00f6r tredje g\u00e5ngen.<\/p>\n<p>\u2013 Nu vet jag ju vad det h\u00e4r \u00e4r f\u00f6r skuta, s\u00e5 nu \u00e4r jag inte s\u00e5 nerv\u00f6s utan mer f\u00f6rv\u00e4ntansfull och smickrad \u00f6ver att f\u00e5 \u00e4ran igen.<\/p>\n<p>Musikhj\u00e4lpen s\u00e4nds mellan 1 och 7 december.<\/p>\n<p><strong>L\u00c4S MER: <\/strong><a href=\"https:\/\/www.expressen.se\/noje\/morgonradioprofilerna-som-tjanar-bast\/\" class=\"premium-link\" rel=\"nofollow noopener\" target=\"_blank\">Premium Morgonradioprofilerna som tja\u0308nar ba\u0308st<\/a><\/p>\n","protected":false},"excerpt":{"rendered":"Linnea Wikblad, Assia Dahir och Hampus Hedstr\u00f6m. Det \u00e4r programledartrion som leder \u201dMusikhj\u00e4lpen\u201d 2025. Linnea Wikblad. Foto: Mattias&hellip;\n","protected":false},"author":2,"featured_media":72958,"comment_status":"","ping_status":"","sticky":false,"template":"","format":"standard","meta":{"footnotes":""},"categories":[67],"tags":[104,2522,6555,5002,6554,6553,34,31,33,32,30,105],"class_list":{"0":"post-72957","1":"post","2":"type-post","3":"status-publish","4":"format-standard","5":"has-post-thumbnail","7":"category-underhallning","8":"tag-entertainment","9":"tag-location-karlstad","10":"tag-newsstory-musikhjalpen-2025","11":"tag-organization-musikhjalpen","12":"tag-person-assia-dahir","13":"tag-person-hampus-hedstrom","14":"tag-se","15":"tag-svenska","16":"tag-sverige","17":"tag-sweden","18":"tag-swedish","19":"tag-underhallning"},"share_on_mastodon":{"url":"https:\/\/pubeurope.com\/@se\/115496563676898702","error":""},"_links":{"self":[{"href":"https:\/\/www.europesays.com\/se\/wp-json\/wp\/v2\/posts\/72957","targetHints":{"allow":["GET"]}}],"collection":[{"href":"https:\/\/www.europesays.com\/se\/wp-json\/wp\/v2\/posts"}],"about":[{"href":"https:\/\/www.europesays.com\/se\/wp-json\/wp\/v2\/types\/post"}],"author":[{"embeddable":true,"href":"https:\/\/www.europesays.com\/se\/wp-json\/wp\/v2\/users\/2"}],"replies":[{"embeddable":true,"href":"https:\/\/www.europesays.com\/se\/wp-json\/wp\/v2\/comments?post=72957"}],"version-history":[{"count":0,"href":"https:\/\/www.europesays.com\/se\/wp-json\/wp\/v2\/posts\/72957\/revisions"}],"wp:featuredmedia":[{"embeddable":true,"href":"https:\/\/www.europesays.com\/se\/wp-json\/wp\/v2\/media\/72958"}],"wp:attachment":[{"href":"https:\/\/www.europesays.com\/se\/wp-json\/wp\/v2\/media?parent=72957"}],"wp:term":[{"taxonomy":"category","embeddable":true,"href":"https:\/\/www.europesays.com\/se\/wp-json\/wp\/v2\/categories?post=72957"},{"taxonomy":"post_tag","embeddable":true,"href":"https:\/\/www.europesays.com\/se\/wp-json\/wp\/v2\/tags?post=72957"}],"curies":[{"name":"wp","href":"https:\/\/api.w.org\/{rel}","templated":true}]}}