{"id":72972,"date":"2025-11-05T10:34:23","date_gmt":"2025-11-05T10:34:23","guid":{"rendered":"https:\/\/www.europesays.com\/se\/72972\/"},"modified":"2025-11-05T10:34:23","modified_gmt":"2025-11-05T10:34:23","slug":"farjestad-slapper-inte-forwarden-forstar-om-han-ar-besviken","status":"publish","type":"post","link":"https:\/\/www.europesays.com\/se\/72972\/","title":{"rendered":"F\u00e4rjestad sl\u00e4pper inte forwarden: &#8221;F\u00f6rst\u00e5r om han \u00e4r besviken&#8221;"},"content":{"rendered":"<p><strong>Andra <a href=\"https:\/\/hockeysverige.se\/shl\" rel=\"nofollow noopener\" target=\"_blank\">SHL<\/a>-klubbar uppges visa intresse f\u00f6r <a href=\"https:\/\/hockeysverige.se\/spelare\/lucas-forsell\" rel=\"nofollow noopener\" target=\"_blank\">Lucas Forsell<\/a> i <a href=\"https:\/\/hockeysverige.se\/klubb\/farjestad-bk\" rel=\"nofollow noopener\" target=\"_blank\">F\u00e4rjestad<\/a>. <br \/>Men Rickard Wallin \u00e4r tydlig \u2013 Forsell \u00e4r inte p\u00e5 v\u00e4g bort. <br \/>\u2013 Det \u00e4r inte p\u00e5 n\u00e5got s\u00e4tt s\u00e5 att vi \u00e4r ute efter att sl\u00e4ppa honom, s\u00e4ger Wallin till <a href=\"https:\/\/www.vf.se\/2025\/11\/03\/wallin-om-forsell-intresset-jonssons-hockey-och-underpresterande-toppspelare-i-fbk-67868\/\" rel=\"nofollow noopener\" target=\"_blank\">V\u00e4rmlands Folkblad<\/a>. <\/strong><\/p>\n<p><img loading=\"lazy\" decoding=\"async\" width=\"1024\" height=\"658\" src=\"https:\/\/www.europesays.com\/se\/wp-content\/uploads\/2025\/11\/Wallin-Forsell-1024x658.webp.webp\" alt=\"Rickard Wallin. Lucas Forsell. F\u00e4rjestad.\" class=\"wp-image-321921\"  \/>Rickard Wallin har inte tankar p\u00e5 att sl\u00e4ppa Lucas Forsell. <strong>Foto: <\/strong>Bildbyr\u00e5n (Montage)<\/p>\n<p>Under m\u00e5ndagen kom <a href=\"https:\/\/www.expressen.se\/sport\/hockey\/shl\/konkurrenterna-vill-varva-lucas-forsell-i-farjestad\/\" rel=\"nofollow noopener\" target=\"_blank\">Expressen<\/a> med uppgifter om att forwarden Lucas Forsell <a href=\"https:\/\/hockeysverige.se\/shl\/uppgifter-lulea-forsoker-varva-farjestads-forward\/\" rel=\"nofollow noopener\" target=\"_blank\">kan vara p\u00e5 v\u00e4g bort fr\u00e5n F\u00e4rjestad<\/a> efter att han f\u00e5tt med begr\u00e4nsat med istid p\u00e5 sistone. Tidningen skrev att SHL-konkurrenterna <a href=\"https:\/\/hockeysverige.se\/klubb\/lulea-hockey\" rel=\"nofollow noopener\" target=\"_blank\">Lule\u00e5<\/a> och <a href=\"https:\/\/hockeysverige.se\/klubb\/timra-ik\" rel=\"nofollow noopener\" target=\"_blank\">Timr\u00e5<\/a> aviserat ett intresse f\u00f6r Forsell ifall han skulle vara aktuell f\u00f6r en flytt. <\/p>\n<p>Men nu sl\u00e5r F\u00e4rjestads sportdirekt\u00f6r Rickard Wallin ifr\u00e5n sig uppgifterna. Enligt Wallin har FBK inga planer p\u00e5 att sl\u00e4ppa Forsell. <\/p>\n<p>\u2013 Jag f\u00f6rst\u00e5r om Lucas \u00e4r besviken n\u00e4r han inte f\u00e5r s\u00e5 mycket speltid som han \u00f6nskar, men det \u00e4r inte p\u00e5 n\u00e5got s\u00e4tt s\u00e5 att vi \u00e4r ute efter att sl\u00e4ppa honom eller tycker att han k\u00f6rt fast p\u00e5 n\u00e5got s\u00e4tt. Vi tror fortfarande p\u00e5 Lucas men \u00e4ven om vi har en ganska smal forwardsbes\u00e4ttning \u2013 13 och en halv forward som vi har med Wille Johansson i Forshaga \u2013 s\u00e5 \u00e4r det n\u00e5gon som st\u00e5r p\u00e5 sidan. Men vi \u00e4r ett lag \u2013 vi ska g\u00f6ra det h\u00e4r tillsammans, s\u00e4ger Rickard Wallin till V\u00e4rmlands Folkblad. <\/p>\n<p>Rickard Wallin: \u201dD\u00e5 \u00e4r det s\u00e5klart andra lag som ringer\u201d<\/p>\n<p>Rickard Wallin menar i st\u00e4llet att det \u00e4r media har skapat spekulationer som inte st\u00e4mmer \u00f6verens med verkligheten. <\/p>\n<p>\u2013 Det har suttit folk p\u00e5 sidan f\u00f6rr i tiden och kommer g\u00f6ra det nu ocks\u00e5. Vi kan inte g\u00e5 in i en trupp med exakt tolv forwards d\u00e4r alla \u00e4r j\u00e4tteglada. Det h\u00e4r \u00e4r en mediedriven sak d\u00e4r det blivit n\u00e5gon slags sanning att Lucas ska bort\u2026 Sen har vi s\u00e5klart pratat \u2013 och jag vet att han \u00f6nskar b\u00e5de mer av sig sj\u00e4lv och mer speltid. Inget konstigt i det, jag f\u00f6rst\u00e5r honom, s\u00e4ger Wallin.<\/p>\n<p>Samtidigt bekr\u00e4ftar Wallin att andra klubbar har h\u00f6rt av sig till F\u00e4rjestad om Forsell. Men de har f\u00e5tt svaret att han inte \u00e4r tillg\u00e4nglig. <\/p>\n<p>\u2013 Ja, eftersom det bland annat b\u00f6rjade pratas i er podd (<a href=\"https:\/\/www.vf.se\/2025\/10\/27\/han-har-fastnat-igen-det-borjar-bli-dags-for-en-utlaning-cf062\/\" rel=\"nofollow noopener\" target=\"_blank\">VF Hockey<\/a>) om att det ska finnas ett missn\u00f6je och att han ska bort \u2013 d\u00e5 \u00e4r det s\u00e5klart andra lag som ringer. Precis som vi sj\u00e4lva hade gjort om man f\u00e5tt indikationer p\u00e5 att en spelare man \u00e4r intresserad av kan vara p\u00e5 v\u00e4g att l\u00e4mna. Jag kan tycka det \u00e4r lite oansvarigt att l\u00e4gga ut att det \u2013 \u00e4ven om det finns en besvikelse \u2013 inneb\u00e4r att man tittar \u00e5t ett annat h\u00e5ll. Vi \u00e4r inte d\u00e4r, s\u00e4ger Rickard Wallin till VF. <\/p>\n<p> Source: <a href=\"https:\/\/www.eliteprospects.com\/player\/553744\/lucas-forsell\" target=\"_blank\" rel=\"noopener noreferrer nofollow\">Lucas Forsell<\/a> @ Elite Prospects<\/p>\n","protected":false},"excerpt":{"rendered":"Andra SHL-klubbar uppges visa intresse f\u00f6r Lucas Forsell i F\u00e4rjestad. Men Rickard Wallin \u00e4r tydlig \u2013 Forsell \u00e4r&hellip;\n","protected":false},"author":2,"featured_media":72973,"comment_status":"","ping_status":"","sticky":false,"template":"","format":"standard","meta":{"footnotes":""},"categories":[68],"tags":[34,133,134,111,110,31,33,32,30],"class_list":{"0":"post-72972","1":"post","2":"type-post","3":"status-publish","4":"format-standard","5":"has-post-thumbnail","7":"category-sport","8":"tag-se","9":"tag-second-news","10":"tag-shl","11":"tag-sport","12":"tag-sports","13":"tag-svenska","14":"tag-sverige","15":"tag-sweden","16":"tag-swedish"},"share_on_mastodon":{"url":"https:\/\/pubeurope.com\/@se\/115496646840242696","error":""},"_links":{"self":[{"href":"https:\/\/www.europesays.com\/se\/wp-json\/wp\/v2\/posts\/72972","targetHints":{"allow":["GET"]}}],"collection":[{"href":"https:\/\/www.europesays.com\/se\/wp-json\/wp\/v2\/posts"}],"about":[{"href":"https:\/\/www.europesays.com\/se\/wp-json\/wp\/v2\/types\/post"}],"author":[{"embeddable":true,"href":"https:\/\/www.europesays.com\/se\/wp-json\/wp\/v2\/users\/2"}],"replies":[{"embeddable":true,"href":"https:\/\/www.europesays.com\/se\/wp-json\/wp\/v2\/comments?post=72972"}],"version-history":[{"count":0,"href":"https:\/\/www.europesays.com\/se\/wp-json\/wp\/v2\/posts\/72972\/revisions"}],"wp:featuredmedia":[{"embeddable":true,"href":"https:\/\/www.europesays.com\/se\/wp-json\/wp\/v2\/media\/72973"}],"wp:attachment":[{"href":"https:\/\/www.europesays.com\/se\/wp-json\/wp\/v2\/media?parent=72972"}],"wp:term":[{"taxonomy":"category","embeddable":true,"href":"https:\/\/www.europesays.com\/se\/wp-json\/wp\/v2\/categories?post=72972"},{"taxonomy":"post_tag","embeddable":true,"href":"https:\/\/www.europesays.com\/se\/wp-json\/wp\/v2\/tags?post=72972"}],"curies":[{"name":"wp","href":"https:\/\/api.w.org\/{rel}","templated":true}]}}