{"id":72991,"date":"2025-11-05T11:09:09","date_gmt":"2025-11-05T11:09:09","guid":{"rendered":"https:\/\/www.europesays.com\/se\/72991\/"},"modified":"2025-11-05T11:09:09","modified_gmt":"2025-11-05T11:09:09","slug":"husbys-egen-filmfestival-laddar-for-fjarde-aret","status":"publish","type":"post","link":"https:\/\/www.europesays.com\/se\/72991\/","title":{"rendered":"Husbys egen filmfestival laddar f\u00f6r fj\u00e4rde \u00e5ret"},"content":{"rendered":"<p><strong>Sedan den 1 november \u00e4r anm\u00e4lan \u00f6ppen f\u00f6r bidrag till kortfilmsfestivalen .MOV. Den fj\u00e4rde upplagan av festivalen som \u00e4ger rum <strong>i Husby<\/strong><\/strong> <strong>den<\/strong> <strong>20\u201322 februari 2026.<\/strong><\/p>\n<p>.MOV visar filmer skapade av inv\u00e5narna i Sveriges f\u00f6rorter och delar i samband med festivalen ut Getpriset till den b\u00e4sta kortfilmen. Visningarna sker i nya Bio Husby i Kulturhuset Husby och prisutdelningen h\u00e5lls i Folkets Husby. <\/p>\n<p>F\u00f6r att delta ska du vara mellan 18 och 35 \u00e5r och din film ska vara mellan 3 och 15 minuter l\u00e5ng. Sista dagen f\u00f6r att skicka in bidrag \u00e4r den 4 januari 2026. <a href=\"https:\/\/filmfreeway.com\/movfilmfestival?fbclid=PAZXh0bgNhZW0CMTEAAadeta1UW3FMFxhVG3y2BusJuCtEKkvmrWReQGIGyWKU9AGSBJ1NxHP0PNuybw_aem_7-WMBBAoFML2_V3I1_KYxw\" rel=\"nofollow noopener\" target=\"_blank\">Mer information, regler och l\u00e4nk till anm\u00e4lan finns h\u00e4r.<\/a><\/p>\n<p>Annons:<a class=\"gofollow\" data-track=\"MzkyLDEsNjA=\" href=\"https:\/\/start.stockholm\/paverka-ditt-akalla\" rel=\"nofollow noopener\" target=\"_blank\"><img decoding=\"async\" src=\"https:\/\/www.europesays.com\/se\/wp-content\/uploads\/2025\/11\/sthlmstad-119738-251103-NHBJ.png\"\/><\/a><\/p>\n<p>Den som vill inspireras i v\u00e4ntan p\u00e5 festivalen i februari kan bes\u00f6ka n\u00e5gon av filmkv\u00e4llarna <strong>.MOV Show &amp; Tell<\/strong>\u00a0som arrangeras i Bio Husby under h\u00f6sten. D\u00e4r v\u00e4ljer lokala kulturprofiler som Ailin Mirlashari och Nader Attiyah ut var sin film som haft stor betydelse f\u00f6r dem och presenterar den f\u00f6re visningen.<\/p>\n<p>Kommande datum f\u00f6r Show &amp; Tell \u00e4r 28 november, 29 november och 20 december. Visningarna \u00e4r gratis och Bio Husby bjuder p\u00e5 popcorn.\n<\/p>\n<p>                    <a href=\"#\" rel=\"nofollow\" onclick=\"window.print(); return false;\" title=\"Printer Friendly, PDF &amp; Email\"><br \/>\n                    <img decoding=\"async\" class=\"pf-button-img\" src=\"https:\/\/www.europesays.com\/se\/wp-content\/uploads\/2025\/08\/printfriendly-pdf-button-nobg-md.png\" alt=\"Print Friendly, PDF &amp; Email\" style=\"width: 124px;height: 30px;\"\/><br \/>\n                    <\/a><\/p>\n","protected":false},"excerpt":{"rendered":"Sedan den 1 november \u00e4r anm\u00e4lan \u00f6ppen f\u00f6r bidrag till kortfilmsfestivalen .MOV. Den fj\u00e4rde upplagan av festivalen som&hellip;\n","protected":false},"author":2,"featured_media":72992,"comment_status":"","ping_status":"","sticky":false,"template":"","format":"standard","meta":{"footnotes":""},"categories":[67],"tags":[6556,6557,6558,104,6559,1428,6560,1429,6561,6562,6563,6564,6340,34,31,33,32,30,105],"class_list":{"0":"post-72991","1":"post","2":"type-post","3":"status-publish","4":"format-standard","5":"has-post-thumbnail","7":"category-underhallning","8":"tag-mov","9":"tag-ailin-mirlashari","10":"tag-bio","11":"tag-entertainment","12":"tag-folkets-husby","13":"tag-husby","14":"tag-invigning","15":"tag-jarva","16":"tag-kortfilmer","17":"tag-kortfilmstavling","18":"tag-kulturhuset-husby","19":"tag-nader-attiyah","20":"tag-samtal","21":"tag-se","22":"tag-svenska","23":"tag-sverige","24":"tag-sweden","25":"tag-swedish","26":"tag-underhallning"},"share_on_mastodon":{"url":"https:\/\/pubeurope.com\/@se\/115496784134492150","error":""},"_links":{"self":[{"href":"https:\/\/www.europesays.com\/se\/wp-json\/wp\/v2\/posts\/72991","targetHints":{"allow":["GET"]}}],"collection":[{"href":"https:\/\/www.europesays.com\/se\/wp-json\/wp\/v2\/posts"}],"about":[{"href":"https:\/\/www.europesays.com\/se\/wp-json\/wp\/v2\/types\/post"}],"author":[{"embeddable":true,"href":"https:\/\/www.europesays.com\/se\/wp-json\/wp\/v2\/users\/2"}],"replies":[{"embeddable":true,"href":"https:\/\/www.europesays.com\/se\/wp-json\/wp\/v2\/comments?post=72991"}],"version-history":[{"count":0,"href":"https:\/\/www.europesays.com\/se\/wp-json\/wp\/v2\/posts\/72991\/revisions"}],"wp:featuredmedia":[{"embeddable":true,"href":"https:\/\/www.europesays.com\/se\/wp-json\/wp\/v2\/media\/72992"}],"wp:attachment":[{"href":"https:\/\/www.europesays.com\/se\/wp-json\/wp\/v2\/media?parent=72991"}],"wp:term":[{"taxonomy":"category","embeddable":true,"href":"https:\/\/www.europesays.com\/se\/wp-json\/wp\/v2\/categories?post=72991"},{"taxonomy":"post_tag","embeddable":true,"href":"https:\/\/www.europesays.com\/se\/wp-json\/wp\/v2\/tags?post=72991"}],"curies":[{"name":"wp","href":"https:\/\/api.w.org\/{rel}","templated":true}]}}