{"id":73216,"date":"2025-11-05T16:07:31","date_gmt":"2025-11-05T16:07:31","guid":{"rendered":"https:\/\/www.europesays.com\/se\/73216\/"},"modified":"2025-11-05T16:07:31","modified_gmt":"2025-11-05T16:07:31","slug":"jysk-stanger-butikerna-svenska-kedjan-pausar-forsaljningen","status":"publish","type":"post","link":"https:\/\/www.europesays.com\/se\/73216\/","title":{"rendered":"JYSK: &#8221;St\u00e4nger butikerna&#8221; &#8211; svenska kedjan pausar f\u00f6rs\u00e4ljningen"},"content":{"rendered":"<p>Anledningen \u00e4r en festival i Stockholm d\u00e4r \u00f6ver 1 200 medarbetare samlas. Enligt Jysk \u00e4r den \u00e5rliga festen en 30-\u00e5rig tradition.<\/p>\n<blockquote>\n<p>Vi st\u00e4nger butikerna f\u00f6r att vi vill att s\u00e5 m\u00e5nga som m\u00f6jligt ska kunna g\u00e5 p\u00e5 festen kv\u00e4llen innan. D\u00e5 beh\u00f6ver de tid att ta sig hem och lite \u00e5terh\u00e4mtning innan de tar emot kunderna p\u00e5 m\u00e5ndagen, s\u00e4ger Johan Sj\u00f6din, vd f\u00f6r Jysk Sverige.<\/p>\n<\/blockquote>\n<p>Alla medarbetare erbjuds att ta med en partner, och Jysk st\u00e5r f\u00f6r resa, boende och arrangemanget.<\/p>\n<blockquote>\n<p>Vi tror p\u00e5 att bygga starka team genom att skapa minnen tillsammans. Det h\u00e4r \u00e4r inte bara en fest, det \u00e4r en del av att vara Jysk. V\u00e5ra medarbetare \u00e4r hj\u00e4rtat i Jysk, och det vill vi visa dem, s\u00e4ger Johan Sj\u00f6din.<\/p>\n<\/blockquote>\n<p>\u00c5rets fest markerar \u00e4ven starten p\u00e5 Jysks 35-\u00e5rsjubileum i Sverige. F\u00f6retaget uppger att de i samband med firandet kommer att hylla 103 medarbetare som jobbat inom f\u00f6retaget i 10, 15, 20, 25 och 30 \u00e5r.<\/p>\n<p>Den svenska nedst\u00e4ngningen sker dagen efter den norska. Jysk Norge st\u00e4nger sina 108 butiker p\u00e5 l\u00f6rdagen f\u00f6r ett motsvarande evenemang. Kostnaden f\u00f6r det norska arrangemanget uppgavs till <a href=\"https:\/\/www.ehandel.se\/jysk-stanger-alla-butiker-i-landet-tiotals-miljoner\" rel=\"nofollow noopener\" target=\"_blank\">&#8221;tiotals miljoner&#8221;<\/a>.<\/p>\n<p>I samband med den norska nyheten meddelades att kedjans e-handel kommer att h\u00e5lla \u00f6ppet som vanligt under nedst\u00e4ngningen.<\/p>\n","protected":false},"excerpt":{"rendered":"Anledningen \u00e4r en festival i Stockholm d\u00e4r \u00f6ver 1 200 medarbetare samlas. Enligt Jysk \u00e4r den \u00e5rliga festen&hellip;\n","protected":false},"author":2,"featured_media":73217,"comment_status":"","ping_status":"","sticky":false,"template":"","format":"standard","meta":{"footnotes":""},"categories":[5],"tags":[22,23,26,27,17,21,6577,6574,24,25,28,29,15,16,18,34,31,33,32,30,19,20],"class_list":{"0":"post-73216","1":"post","2":"type-post","3":"status-publish","4":"format-standard","5":"has-post-thumbnail","7":"category-rubriker","8":"tag-breaking-news","9":"tag-breakingnews","10":"tag-featured-news","11":"tag-featurednews","12":"tag-headlines","13":"tag-huvudnyheter","14":"tag-jubileum","15":"tag-jysk","16":"tag-latest-news","17":"tag-latestnews","18":"tag-main-news","19":"tag-mainnews","20":"tag-news","21":"tag-nyheter","22":"tag-rubriker","23":"tag-se","24":"tag-svenska","25":"tag-sverige","26":"tag-sweden","27":"tag-swedish","28":"tag-top-stories","29":"tag-topstories"},"share_on_mastodon":{"url":"https:\/\/pubeurope.com\/@se\/115497955831974580","error":""},"_links":{"self":[{"href":"https:\/\/www.europesays.com\/se\/wp-json\/wp\/v2\/posts\/73216","targetHints":{"allow":["GET"]}}],"collection":[{"href":"https:\/\/www.europesays.com\/se\/wp-json\/wp\/v2\/posts"}],"about":[{"href":"https:\/\/www.europesays.com\/se\/wp-json\/wp\/v2\/types\/post"}],"author":[{"embeddable":true,"href":"https:\/\/www.europesays.com\/se\/wp-json\/wp\/v2\/users\/2"}],"replies":[{"embeddable":true,"href":"https:\/\/www.europesays.com\/se\/wp-json\/wp\/v2\/comments?post=73216"}],"version-history":[{"count":0,"href":"https:\/\/www.europesays.com\/se\/wp-json\/wp\/v2\/posts\/73216\/revisions"}],"wp:featuredmedia":[{"embeddable":true,"href":"https:\/\/www.europesays.com\/se\/wp-json\/wp\/v2\/media\/73217"}],"wp:attachment":[{"href":"https:\/\/www.europesays.com\/se\/wp-json\/wp\/v2\/media?parent=73216"}],"wp:term":[{"taxonomy":"category","embeddable":true,"href":"https:\/\/www.europesays.com\/se\/wp-json\/wp\/v2\/categories?post=73216"},{"taxonomy":"post_tag","embeddable":true,"href":"https:\/\/www.europesays.com\/se\/wp-json\/wp\/v2\/tags?post=73216"}],"curies":[{"name":"wp","href":"https:\/\/api.w.org\/{rel}","templated":true}]}}