{"id":73314,"date":"2025-11-05T20:12:09","date_gmt":"2025-11-05T20:12:09","guid":{"rendered":"https:\/\/www.europesays.com\/se\/73314\/"},"modified":"2025-11-05T20:12:09","modified_gmt":"2025-11-05T20:12:09","slug":"himlafenomen-i-kvall-men-svarigheter-att-se-det-corren","status":"publish","type":"post","link":"https:\/\/www.europesays.com\/se\/73314\/","title":{"rendered":"Himlafenomen i kv\u00e4ll \u2013 men sv\u00e5righeter att se det &#8211; Corren"},"content":{"rendered":"<ol>\n<li><a href=\"https:\/\/news.google.com\/rss\/articles\/CBMiqwFBVV95cUxNdHZYQ1RTTC10Tk9FYlVTanllV0JHZU1fOXdQSmJleVZvUHAwMmUzZUZxcmZLcVFCSXpTUEs1WnJ5STR6bDJtMGU4UkotMHJlYUE3N0FRZHRfZVZmeUF4OGlnOHpmUEpEb2E0VXpxTWJLRC1PdjZfYnNiazBJME5uVjhMMkZPdTZlWEtyWFVDbXdFN0NfVWFYN19sdGZIcjRSZGJCVUNtZ0IxZmM?oc=5\" target=\"_blank\" rel=\"nofollow noopener\">Himlafenomen i kv\u00e4ll \u2013 men sv\u00e5righeter att se det<\/a>&nbsp;&nbsp;Corren<\/li>\n<li><a href=\"https:\/\/news.google.com\/rss\/articles\/CBMihwFBVV95cUxNSVRQbWp5aUFEcnUwbFVNbEFPc0lqYlNCbUFFejd6eVJhcndXMFhieGdrVUdYZVFnTVZKdjlGOGVEalZldjQ2SF83VVgtWGhSOU1ZS1JxblN3UEJkSG9QUXo4NWVwdTZoelZhdHhveDB3NUNGX0ZXcklSZ25LVUJKME9UN2w3bHM?oc=5\" target=\"_blank\" rel=\"nofollow noopener\">Superm\u00e5ne \u00f6ver Sverige i kv\u00e4ll: \u201d\u00c5rets st\u00f6rsta\u201d<\/a>&nbsp;&nbsp;Aftonbladet<\/li>\n<li><a href=\"https:\/\/news.google.com\/rss\/articles\/CBMigAFBVV95cUxPRWhzdEc2bWI4RlFCN1FKUWpOb1l2OGpMSGJtY043aFV4UzhsenRNZlFwODBLRUNXSk5PZXc2OFZLdXc5b1hCWjgzZk0tcTIxQkMweW10clRTSVdLQnRFX0VWNGdCX0ZsdXByRThmYS1BVTJXY1RvSFhnam42WTZvTA?oc=5\" target=\"_blank\" rel=\"nofollow noopener\">Ikv\u00e4ll dyker superm\u00e5nen upp \u2013 \u00e5rets st\u00f6rsta fullm\u00e5ne<\/a>&nbsp;&nbsp;HD \u2013 Nyheter Dygnet Runt<\/li>\n<li><a href=\"https:\/\/news.google.com\/rss\/articles\/CBMieEFVX3lxTFBHVXlHZ0s0V25tMnNJR1NhdVRpZHlDMmM0OUVLRWdDV2ZyZmNZSDhhV1REM1NicHkya0pLUC1jNVg1NjdKTTBKVU9MZ0MzcVdRN0UyUnpiV0xmd0g0M2dRZUEtMXlUOGpHTnlvSHZiZmpVNDBzSU42eA?oc=5\" target=\"_blank\" rel=\"nofollow noopener\">Se upp! I kv\u00e4ll syns superm\u00e5ne<\/a>&nbsp;&nbsp;Expressen<\/li>\n<li><a href=\"https:\/\/news.google.com\/rss\/articles\/CBMirgFBVV95cUxNbVZCU1NyQ3hhRVUydjllMzl3RnNmcUJqZ3RGWURLSDF2T0ZYNzQ1VVdEVVNObjY5WXNBUHBRcDQ3WGl3elRJV2lFbEM2Zk9HUmxqNHB5M3pDY3NhZmxVV085Y0RYZTNTcUVkTGFGY2g3Q0U2VUZVVEVESEJCUlJhRUlaejMyaEd0TTdPOUVGUjM5RDVWeGF0eHBEREZxV3NlMnlHbkNwNEVhV1liVEE?oc=5\" target=\"_blank\" rel=\"nofollow noopener\">Nu \u00e4r det superm\u00e5ne \u2013 d\u00e4rf\u00f6r ser den extra stor ut<\/a>&nbsp;&nbsp;GP<\/li>\n<\/ol>\n","protected":false},"excerpt":{"rendered":"Himlafenomen i kv\u00e4ll \u2013 men sv\u00e5righeter att se det&nbsp;&nbsp;Corren Superm\u00e5ne \u00f6ver Sverige i kv\u00e4ll: \u201d\u00c5rets st\u00f6rsta\u201d&nbsp;&nbsp;Aftonbladet Ikv\u00e4ll dyker&hellip;\n","protected":false},"author":2,"featured_media":73315,"comment_status":"","ping_status":"","sticky":false,"template":"","format":"standard","meta":{"footnotes":""},"categories":[5],"tags":[22,23,26,27,17,21,24,25,28,29,15,16,18,34,31,33,32,30,19,20],"class_list":{"0":"post-73314","1":"post","2":"type-post","3":"status-publish","4":"format-standard","5":"has-post-thumbnail","7":"category-rubriker","8":"tag-breaking-news","9":"tag-breakingnews","10":"tag-featured-news","11":"tag-featurednews","12":"tag-headlines","13":"tag-huvudnyheter","14":"tag-latest-news","15":"tag-latestnews","16":"tag-main-news","17":"tag-mainnews","18":"tag-news","19":"tag-nyheter","20":"tag-rubriker","21":"tag-se","22":"tag-svenska","23":"tag-sverige","24":"tag-sweden","25":"tag-swedish","26":"tag-top-stories","27":"tag-topstories"},"share_on_mastodon":{"url":"https:\/\/pubeurope.com\/@se\/115498919069034115","error":""},"_links":{"self":[{"href":"https:\/\/www.europesays.com\/se\/wp-json\/wp\/v2\/posts\/73314","targetHints":{"allow":["GET"]}}],"collection":[{"href":"https:\/\/www.europesays.com\/se\/wp-json\/wp\/v2\/posts"}],"about":[{"href":"https:\/\/www.europesays.com\/se\/wp-json\/wp\/v2\/types\/post"}],"author":[{"embeddable":true,"href":"https:\/\/www.europesays.com\/se\/wp-json\/wp\/v2\/users\/2"}],"replies":[{"embeddable":true,"href":"https:\/\/www.europesays.com\/se\/wp-json\/wp\/v2\/comments?post=73314"}],"version-history":[{"count":0,"href":"https:\/\/www.europesays.com\/se\/wp-json\/wp\/v2\/posts\/73314\/revisions"}],"wp:featuredmedia":[{"embeddable":true,"href":"https:\/\/www.europesays.com\/se\/wp-json\/wp\/v2\/media\/73315"}],"wp:attachment":[{"href":"https:\/\/www.europesays.com\/se\/wp-json\/wp\/v2\/media?parent=73314"}],"wp:term":[{"taxonomy":"category","embeddable":true,"href":"https:\/\/www.europesays.com\/se\/wp-json\/wp\/v2\/categories?post=73314"},{"taxonomy":"post_tag","embeddable":true,"href":"https:\/\/www.europesays.com\/se\/wp-json\/wp\/v2\/tags?post=73314"}],"curies":[{"name":"wp","href":"https:\/\/api.w.org\/{rel}","templated":true}]}}