{"id":73322,"date":"2025-11-05T20:28:13","date_gmt":"2025-11-05T20:28:13","guid":{"rendered":"https:\/\/www.europesays.com\/se\/73322\/"},"modified":"2025-11-05T20:28:13","modified_gmt":"2025-11-05T20:28:13","slug":"hantverkare-vill-dra-sig-ur-striden-om-guldfyndet-i-molndal","status":"publish","type":"post","link":"https:\/\/www.europesays.com\/se\/73322\/","title":{"rendered":"Hantverkare vill dra sig ur striden om guldfyndet i M\u00f6lndal"},"content":{"rendered":"<p>Enligt GP har hantverkarnas advokat Ann-Cathrine S\u00f6derstr\u00f6m i en skrivelse till G\u00f6teborgs tingsr\u00e4tt meddelat att hennes huvudm\u00e4n \u201d\u00e5terkallar sin talan under f\u00f6ruts\u00e4ttning att vardera parten st\u00e5r f\u00f6r sina egna r\u00e4tteg\u00e5ngskostnader\u201d.<\/p>\n<p>Tidigare har f\u00f6rvaltningsr\u00e4tten gjort bed\u00f6mningen att fyndet inte \u00e4r hittegods, vilket inneb\u00e4r att de hantverkare som gjorde fyndet inte har haft lagligt st\u00f6d att kunna g\u00f6ra krav p\u00e5 hittel\u00f6n.<\/p>\n<p>\u2013 D\u00e4rf\u00f6r har vi valt att \u00e5terkalla talan. Det \u00e4r inte meningsfullt att g\u00e5 vidare till en eventuell huvudf\u00f6rhandling med risk f\u00f6r att f\u00e5 betala motparternas advokatkostnader, s\u00e4ger Ann-Cathrine S\u00f6derstr\u00f6m till GP.<\/p>\n<p><strong>Fyndet \u2013 tio kilo guld och fyra<\/strong> kilo platina \u2013 gjordes av de tv\u00e5 hantverkarna under en renovering av huset best\u00e4lld av Lucas Simonsson och Carl D\u00e9man, vilka ing\u00e5r i humortrion JLC. Enligt G\u00f6teborgs-Posten \u00e4r fyndet som striden g\u00e4ller i dag v\u00e4rt n\u00e4stan 13 miljoner kronor.<\/p>\n<p>Ut\u00f6ver JLC-duon och hantverkarna har \u00e4ven s\u00e4ljaren av huset och dennes tv\u00e5 syskon (via ett d\u00f6dsbo) gjort anspr\u00e5k p\u00e5 guldet.<\/p>\n","protected":false},"excerpt":{"rendered":"Enligt GP har hantverkarnas advokat Ann-Cathrine S\u00f6derstr\u00f6m i en skrivelse till G\u00f6teborgs tingsr\u00e4tt meddelat att hennes huvudm\u00e4n \u201d\u00e5terkallar&hellip;\n","protected":false},"author":2,"featured_media":73323,"comment_status":"","ping_status":"","sticky":false,"template":"","format":"standard","meta":{"footnotes":""},"categories":[5],"tags":[22,23,26,27,17,21,24,25,28,29,15,16,18,34,31,33,32,30,19,20],"class_list":{"0":"post-73322","1":"post","2":"type-post","3":"status-publish","4":"format-standard","5":"has-post-thumbnail","7":"category-rubriker","8":"tag-breaking-news","9":"tag-breakingnews","10":"tag-featured-news","11":"tag-featurednews","12":"tag-headlines","13":"tag-huvudnyheter","14":"tag-latest-news","15":"tag-latestnews","16":"tag-main-news","17":"tag-mainnews","18":"tag-news","19":"tag-nyheter","20":"tag-rubriker","21":"tag-se","22":"tag-svenska","23":"tag-sverige","24":"tag-sweden","25":"tag-swedish","26":"tag-top-stories","27":"tag-topstories"},"share_on_mastodon":{"url":"https:\/\/pubeurope.com\/@se\/115498981981404825","error":""},"_links":{"self":[{"href":"https:\/\/www.europesays.com\/se\/wp-json\/wp\/v2\/posts\/73322","targetHints":{"allow":["GET"]}}],"collection":[{"href":"https:\/\/www.europesays.com\/se\/wp-json\/wp\/v2\/posts"}],"about":[{"href":"https:\/\/www.europesays.com\/se\/wp-json\/wp\/v2\/types\/post"}],"author":[{"embeddable":true,"href":"https:\/\/www.europesays.com\/se\/wp-json\/wp\/v2\/users\/2"}],"replies":[{"embeddable":true,"href":"https:\/\/www.europesays.com\/se\/wp-json\/wp\/v2\/comments?post=73322"}],"version-history":[{"count":0,"href":"https:\/\/www.europesays.com\/se\/wp-json\/wp\/v2\/posts\/73322\/revisions"}],"wp:featuredmedia":[{"embeddable":true,"href":"https:\/\/www.europesays.com\/se\/wp-json\/wp\/v2\/media\/73323"}],"wp:attachment":[{"href":"https:\/\/www.europesays.com\/se\/wp-json\/wp\/v2\/media?parent=73322"}],"wp:term":[{"taxonomy":"category","embeddable":true,"href":"https:\/\/www.europesays.com\/se\/wp-json\/wp\/v2\/categories?post=73322"},{"taxonomy":"post_tag","embeddable":true,"href":"https:\/\/www.europesays.com\/se\/wp-json\/wp\/v2\/tags?post=73322"}],"curies":[{"name":"wp","href":"https:\/\/api.w.org\/{rel}","templated":true}]}}