{"id":73332,"date":"2025-11-05T20:56:07","date_gmt":"2025-11-05T20:56:07","guid":{"rendered":"https:\/\/www.europesays.com\/se\/73332\/"},"modified":"2025-11-05T20:56:07","modified_gmt":"2025-11-05T20:56:07","slug":"motocrossprofil-misstanks-for-juvelkuppen-pa-louvren","status":"publish","type":"post","link":"https:\/\/www.europesays.com\/se\/73332\/","title":{"rendered":"Motocrossprofil misst\u00e4nks f\u00f6r juvelkuppen p\u00e5 Louvren"},"content":{"rendered":"<p>En av personerna som misst\u00e4nks f\u00f6r juvelkuppen p\u00e5 konstmuseet Louvren i Paris \u00e4r en profil i sociala medier, k\u00e4nd f\u00f6r att utf\u00f6ra trick p\u00e5 motocross. Det rapporterar Le Figaro. Den 39-\u00e5rige mannen ska ha publicerat klipp p\u00e5 Youtube sedan sent 2000-tal och \u00e4r nu aktiv p\u00e5 Tiktok. <\/p>\n<p>Han har tidigare arbetat som s\u00e4kerhetsvakt p\u00e5 ett annat museum i Paris och har d\u00f6mts f\u00f6r sm\u00e5brott. 39-\u00e5ringen skulle p\u00e5 onsdagen ha framtr\u00e4tt i r\u00e4tten i ett annat \u00e4rende, men det har skjutits upp. <\/p>\n<p>Ytterligare tre personer har anklagats f\u00f6r kuppen. <\/p>\n<p>Omni \u00e4r politiskt obundna och oberoende. Vi str\u00e4var efter att ge fler perspektiv p\u00e5 nyheterna. Har du fr\u00e5gor eller synpunkter kring v\u00e5r rapportering? <a href=\"https:\/\/omni.se\/motorcrossprofil-misstanks-for-juvelkuppen-pa-louvren\/a\/mailto:redaktion@omni.se\" class=\"ArticleActions_contactLink__W2F1M\" rel=\"nofollow noopener\" target=\"_blank\">Kontakta redaktionen<\/a><\/p>\n","protected":false},"excerpt":{"rendered":"En av personerna som misst\u00e4nks f\u00f6r juvelkuppen p\u00e5 konstmuseet Louvren i Paris \u00e4r en profil i sociala medier,&hellip;\n","protected":false},"author":2,"featured_media":73333,"comment_status":"","ping_status":"","sticky":false,"template":"","format":"standard","meta":{"footnotes":""},"categories":[67],"tags":[104,267,266,34,31,33,32,30,105],"class_list":{"0":"post-73332","1":"post","2":"type-post","3":"status-publish","4":"format-standard","5":"has-post-thumbnail","7":"category-underhallning","8":"tag-entertainment","9":"tag-europa","10":"tag-frankrike","11":"tag-se","12":"tag-svenska","13":"tag-sverige","14":"tag-sweden","15":"tag-swedish","16":"tag-underhallning"},"share_on_mastodon":{"url":"https:\/\/pubeurope.com\/@se\/115499092060274073","error":""},"_links":{"self":[{"href":"https:\/\/www.europesays.com\/se\/wp-json\/wp\/v2\/posts\/73332","targetHints":{"allow":["GET"]}}],"collection":[{"href":"https:\/\/www.europesays.com\/se\/wp-json\/wp\/v2\/posts"}],"about":[{"href":"https:\/\/www.europesays.com\/se\/wp-json\/wp\/v2\/types\/post"}],"author":[{"embeddable":true,"href":"https:\/\/www.europesays.com\/se\/wp-json\/wp\/v2\/users\/2"}],"replies":[{"embeddable":true,"href":"https:\/\/www.europesays.com\/se\/wp-json\/wp\/v2\/comments?post=73332"}],"version-history":[{"count":0,"href":"https:\/\/www.europesays.com\/se\/wp-json\/wp\/v2\/posts\/73332\/revisions"}],"wp:featuredmedia":[{"embeddable":true,"href":"https:\/\/www.europesays.com\/se\/wp-json\/wp\/v2\/media\/73333"}],"wp:attachment":[{"href":"https:\/\/www.europesays.com\/se\/wp-json\/wp\/v2\/media?parent=73332"}],"wp:term":[{"taxonomy":"category","embeddable":true,"href":"https:\/\/www.europesays.com\/se\/wp-json\/wp\/v2\/categories?post=73332"},{"taxonomy":"post_tag","embeddable":true,"href":"https:\/\/www.europesays.com\/se\/wp-json\/wp\/v2\/tags?post=73332"}],"curies":[{"name":"wp","href":"https:\/\/api.w.org\/{rel}","templated":true}]}}