{"id":73353,"date":"2025-11-05T21:49:13","date_gmt":"2025-11-05T21:49:13","guid":{"rendered":"https:\/\/www.europesays.com\/se\/73353\/"},"modified":"2025-11-05T21:49:13","modified_gmt":"2025-11-05T21:49:13","slug":"uppgifter-om-kunderhos-klarna-har-lackt","status":"publish","type":"post","link":"https:\/\/www.europesays.com\/se\/73353\/","title":{"rendered":"Uppgifter om kunder\nhos Klarna har l\u00e4ckt"},"content":{"rendered":"<p>Publicerad 5 nov 2025 kl 20.56Uppdaterad kl 21.58<\/p>\n<p>Uppgifter om Klarna-anv\u00e4ndare har l\u00e4ckt, rapporterar <a href=\"https:\/\/www.forbes.com\/sites\/christerholloman\/2025\/11\/05\/klarna-confirms-new-customer-data-issue-but-wont-reveal-extent\/\" rel=\"nofollow noopener\" target=\"_blank\">Forbes.<\/a>\u00a0<\/p>\n<p>Enligt bolaget handlar det om \u201dett s\u00e4llsynt scenario\u201d \u2013 inget dataintr\u00e5ng.\u00a0<\/p>\n<p>Di TV ger dig de b\u00e4sta analyserna och hetaste aktietipsen.<img   alt=\"\"\/><\/p>\n<p>Klarna har drabbats av en slags datal\u00e4cka, d\u00e4r anv\u00e4ndaruppgifter har exponerats.<\/p>\n<p>Foto: CLAUDIO BRESCIANI \/ TT NYHETSBYR\u00c5N<\/p>\n<p>\u00d6ppna bild i helsk\u00e4rm<\/p>\n<p>Svenska betalj\u00e4tten Klarna verkar ha drabbats av ett tekniskt fel som inneb\u00e4r att k\u00e4nsliga uppgifter om anv\u00e4ndare har l\u00e4ckt, skriver <a href=\"https:\/\/www.forbes.com\/sites\/christerholloman\/2025\/11\/05\/klarna-confirms-new-customer-data-issue-but-wont-reveal-extent\/\" rel=\"nofollow noopener\" target=\"_blank\">aff\u00e4rstidningen Forbes. <\/a>\u00a0<\/p>\n<p>Problemet uppt\u00e4cktes av en anv\u00e4ndare som f\u00f6rs\u00f6kte g\u00f6ra en delbetalning i <a href=\"https:\/\/www.expressen.se\/tagg\/organization\/klarna\/\" class=\"\" rel=\"nofollow noopener\" target=\"_blank\">Klarnas<\/a> onlinekassa. Anv\u00e4ndaren uppt\u00e4ckte att flera sidor i ans\u00f6kningsformul\u00e4ret redan var ifyllda \u2013 med uppgifter fr\u00e5n en annan anv\u00e4ndare. Forbes har sett bilder fr\u00e5n anv\u00e4ndaren, som avbr\u00f6t betalningen, och bekr\u00e4ftar att de \u00e4r \u00e4kta.<\/p>\n<p>Aff\u00e4rstidningen skriver vidare att sidorna inneh\u00e5ller flera personuppgifter kopplade till en individ: f\u00f6rnamn, efternamn, f\u00f6delsedatum, adress, postnummer, stad och delstat. \u00a0<\/p>\n<p>Klarna: \u201dS\u00e4llsynt scenario\u201d<\/p>\n<p>En talesperson f\u00f6r Klarna uppger f\u00f6r Forbes:\u00a0<\/p>\n<p>\u201dVi \u00e4r medvetna om det h\u00e4r fallet och har unders\u00f6kt det grundligt. Problemet \u00e4r kopplat till ett s\u00e4llsynt scenario som vi aktivt \u00e5tg\u00e4rdar, och vi har vidtagit ytterligare \u00e5tg\u00e4rder f\u00f6r att st\u00e4rka v\u00e5ra skydd. Vi kan bekr\u00e4fta att detta inte \u00e4r resultatet av ett systemomfattande problem eller ett dataintr\u00e5ng.\u201d<\/p>\n<p>I USA kan kunder till stora f\u00f6retag som Walmart, Macy&#8217;s och Wayfair anv\u00e4nda Klarna f\u00f6r att betala f\u00f6r olika k\u00f6p. Klarna har \u00f6ver 40 miljoner anv\u00e4ndare i landet. Betaltj\u00e4nstj\u00e4tten vill enligt Forbes inte uppge hur omfattande l\u00e4ckan \u00e4r eller hur m\u00e5nga anv\u00e4ndare som har drabbats.\u00a0<\/p>\n<p><img loading=\"lazy\"   alt=\"\"\/><\/p>\n<p>Klarna-grundaren Sebastian Siemiatkowski.<\/p>\n<p>Foto: Johan Jeppsson \/ IBL<\/p>\n<p>\u00d6ppna bild i helsk\u00e4rmKritik f\u00f6r s\u00e4kerhetsbrister<\/p>\n<p>Klarna har f\u00e5tt kritik f\u00f6r s\u00e4kerhetsbrister f\u00f6rut, bland annat f\u00f6r en incident \u00e5r 2021. D\u00e5 kunde Klarna-anv\u00e4ndare se betalningshistorik och fakturor fr\u00e5n andra kunder i appen.\u00a0<\/p>\n<p>I fjol kom Finansinspektionen, efter en granskning, fram till att Klarna brutit mot regler som f\u00f6rhindrar penningtv\u00e4tt. F\u00f6r det fick bolaget b\u00f6ta en halv miljard. Det gjorde medgrundaren och vd:n Sebastian Siemiatkowski f\u00f6rbannad. \u201dFI har en m\u00e4rklig roll som polis, \u00e5klagare och domstol. Var \u00e4r debatten om detta \u00e4r bra f\u00f6r samh\u00e4llet och Sverige? Tycker egentligen FI att det \u00e4r bra ocks\u00e5?\u201d skrev han p\u00e5 plattformen X.\u00a0<\/p>\n<p>Enligt Forbes \u00e4r det nu aktuella tekniska felet \u00e4nnu inte \u00e5tg\u00e4rdat. Aff\u00e4rstidningen skriver att \u201ddataskandalen\u201d hotar att \u201durholka f\u00f6rtroendet f\u00f6r bolagets styrning.\u201d Detta bland annat f\u00f6r att aff\u00e4rsmodellen bygger p\u00e5 anv\u00e4ndarnas f\u00f6rtroende \u2013 samtidigt som personlig information som hamnar i or\u00e4tta h\u00e4nder kan anv\u00e4ndas f\u00f6r bland annat identitetsst\u00f6lder och bedr\u00e4gerier. \u00a0<\/p>\n<p><strong>L\u00c4S MER: <\/strong><a href=\"https:\/\/www.expressen.se\/ekonomi\/klarnas-vd-svenskhet-ar-en-jattestor-tillgang\/\" class=\"\" rel=\"nofollow noopener\" target=\"_blank\">Klarnas vd: \u201cSvenskhet\u201d \u00e4r en j\u00e4ttestor tillg\u00e5ng<\/a><strong>L\u00c4S MER: <\/strong><a href=\"https:\/\/www.expressen.se\/ekonomi\/klarnachefen-tar-miljardlan-koper-ut-delagare\/\" class=\"\" rel=\"nofollow noopener\" target=\"_blank\">Klarnachefen tar miljardl\u00e5n \u2013 k\u00f6per ut del\u00e4gare<\/a><\/p>\n","protected":false},"excerpt":{"rendered":"Publicerad 5 nov 2025 kl 20.56Uppdaterad kl 21.58 Uppgifter om Klarna-anv\u00e4ndare har l\u00e4ckt, rapporterar Forbes.\u00a0 Enligt bolaget handlar&hellip;\n","protected":false},"author":2,"featured_media":73354,"comment_status":"","ping_status":"","sticky":false,"template":"","format":"standard","meta":{"footnotes":""},"categories":[5],"tags":[22,23,26,27,17,21,24,25,45,28,29,15,16,6590,6589,18,34,31,33,32,30,19,20],"class_list":{"0":"post-73353","1":"post","2":"type-post","3":"status-publish","4":"format-standard","5":"has-post-thumbnail","7":"category-rubriker","8":"tag-breaking-news","9":"tag-breakingnews","10":"tag-featured-news","11":"tag-featurednews","12":"tag-headlines","13":"tag-huvudnyheter","14":"tag-latest-news","15":"tag-latestnews","16":"tag-location-usa","17":"tag-main-news","18":"tag-mainnews","19":"tag-news","20":"tag-nyheter","21":"tag-organization-forbes","22":"tag-organization-klarna","23":"tag-rubriker","24":"tag-se","25":"tag-svenska","26":"tag-sverige","27":"tag-sweden","28":"tag-swedish","29":"tag-top-stories","30":"tag-topstories"},"share_on_mastodon":{"url":"https:\/\/pubeurope.com\/@se\/115499300507475717","error":""},"_links":{"self":[{"href":"https:\/\/www.europesays.com\/se\/wp-json\/wp\/v2\/posts\/73353","targetHints":{"allow":["GET"]}}],"collection":[{"href":"https:\/\/www.europesays.com\/se\/wp-json\/wp\/v2\/posts"}],"about":[{"href":"https:\/\/www.europesays.com\/se\/wp-json\/wp\/v2\/types\/post"}],"author":[{"embeddable":true,"href":"https:\/\/www.europesays.com\/se\/wp-json\/wp\/v2\/users\/2"}],"replies":[{"embeddable":true,"href":"https:\/\/www.europesays.com\/se\/wp-json\/wp\/v2\/comments?post=73353"}],"version-history":[{"count":0,"href":"https:\/\/www.europesays.com\/se\/wp-json\/wp\/v2\/posts\/73353\/revisions"}],"wp:featuredmedia":[{"embeddable":true,"href":"https:\/\/www.europesays.com\/se\/wp-json\/wp\/v2\/media\/73354"}],"wp:attachment":[{"href":"https:\/\/www.europesays.com\/se\/wp-json\/wp\/v2\/media?parent=73353"}],"wp:term":[{"taxonomy":"category","embeddable":true,"href":"https:\/\/www.europesays.com\/se\/wp-json\/wp\/v2\/categories?post=73353"},{"taxonomy":"post_tag","embeddable":true,"href":"https:\/\/www.europesays.com\/se\/wp-json\/wp\/v2\/tags?post=73353"}],"curies":[{"name":"wp","href":"https:\/\/api.w.org\/{rel}","templated":true}]}}