{"id":73413,"date":"2025-11-06T02:31:07","date_gmt":"2025-11-06T02:31:07","guid":{"rendered":"https:\/\/www.europesays.com\/se\/73413\/"},"modified":"2025-11-06T02:31:07","modified_gmt":"2025-11-06T02:31:07","slug":"karlek-och-relationer-vid-autism-7-lastips","status":"publish","type":"post","link":"https:\/\/www.europesays.com\/se\/73413\/","title":{"rendered":"K\u00e4rlek och relationer vid autism \u2013 7 l\u00e4stips"},"content":{"rendered":"<p>Special Nests material blir inte inaktuellt p\u00e5 samma s\u00e4tt som de dagsaktuella nyheter vi tar del av i det dagliga mediefl\u00f6det. Du kan i st\u00e4llet se oss som en kunskapsbank dit du kan \u00e5terkomma f\u00f6r att hitta artiklar om det som f\u00f6r tillf\u00e4llet \u00e4r av intresse f\u00f6r dig. Prova p\u00e5 en g\u00e5ng genom att skriva in ett \u00e4mne som intresserar dig i s\u00f6krutan p\u00e5 startsidan:\u00a0<a href=\"http:\/\/www.specialnest.se\/\" rel=\"nofollow noopener\" target=\"_blank\"><strong>www.specialnest.se<\/strong><\/a><\/p>\n<p>Somliga av v\u00e5ra artiklar ligger inom Premiumformatet, vilket betyder att de \u00e4r l\u00e5sta och endast kan l\u00e4sas av v\u00e5ra prenumeranter. Om du vill teckna en prenumeration kan du g\u00f6ra det h\u00e4r:\u00a0<strong><a href=\"http:\/\/www.specialnest.se\/prenumeration\" rel=\"nofollow noopener\" target=\"_blank\">http:\/\/www.specialnest.se<\/a><\/strong><strong><a href=\"http:\/\/www.specialnest.se\/prenumeration\" rel=\"nofollow noopener\" target=\"_blank\">\/prenumeration<\/a><\/strong><\/p>\n<p><strong>7 Special Nest-artiklar som p\u00e5 olika s\u00e4tt handlar om relationer vid autism:<\/strong><\/p>\n<p><strong><a href=\"https:\/\/www.specialnest.se\/liv-hem\/karlek-pa-samma-frekvens-darfor-valjer-autister-ofta-varandra\" rel=\"nofollow noopener\" target=\"_blank\">&#8221;K\u00e4rlek p\u00e5 samma frekvens \u2013 d\u00e4rf\u00f6r v\u00e4ljer autister ofta varandra&#8221;:<\/a><\/strong>\u00a0Autistiska personer trivs ofta bra i s\u00e4llskap med andra autister \u2013 men g\u00e4ller samma sak k\u00e4rleksrelationer? En svensk studie visar att autistiska individer i h\u00f6gre utstr\u00e4ckning blir tillsammans med varandra. Special Nest tittar n\u00e4rmare p\u00e5 det h\u00e4r fenomenet genom att intervjua autismforskaren Sven B\u00f6lte och psykologen Lisa Nordenstam.<\/p>\n<p><a href=\"https:\/\/www.specialnest.se\/liv-hem\/jonas-lotsar-autister-mot-battre-relationer-har-ar-hans-rad\" rel=\"nofollow noopener\" target=\"_blank\"><strong>&#8221;Jonas lotsar autister mot b\u00e4ttre relationer \u2013 h\u00e4r \u00e4r hans r\u00e5d&#8221;:<\/strong>\u00a0<\/a>H\u00e4r \u00e4r en intervju med\u00a0Jonas Wik som v\u00e4gleder unga och vuxna med autism som f\u00f6rs\u00f6ker f\u00e5 kl\u00e4m p\u00e5 relationer i en v\u00e4rld d\u00e4r de sociala spelreglerna har best\u00e4mts av neurotypiker.\u00a0<\/p>\n<p><a href=\"https:\/\/www.specialnest.se\/liv-hem\/vanliga-relationsproblem-vid-autism-och-hur-ni-loser-dem\" rel=\"nofollow noopener\" target=\"_blank\"><strong>&#8221;Vanliga relationsproblem vid autism \u2013 och hur ni l\u00f6ser dem&#8221;:<\/strong><\/a>\u00a0I\u00a0en relation d\u00e4r den ena partnern \u00e4r autist och den andra neurotypiker kan olika sociala behov och kommunikationss\u00e4tt skapa st\u00f6rre p\u00e5frestningar \u2013 men ocks\u00e5 m\u00f6jligheter. I denna intervju ger psykologerna Sofia Asplund och Lisa Nordenstamtips p\u00e5 hur ni som par kan hantera sex vanliga relationsproblem.<\/p>\n<p><a href=\"https:\/\/www.specialnest.se\/liv-hem\/sa-kan-personer-med-autism-lyckas-i-dejting-och-karlek\" rel=\"nofollow noopener\" target=\"_blank\"><strong>&#8221;S\u00e5 kan personer med autism lyckas i dejting och k\u00e4rlek&#8221;:<\/strong><\/a>\u00a0Vem som helst kan tycka att dejting och k\u00e4rleksrelationer \u00e4r kr\u00e4vande, men autistiska personer m\u00f6ter vanligen andra och st\u00f6rre hinder \u00e4n neurotypiker. H\u00e4r \u00e4r en intervju med psykologen\u00a0Lisa Nordenstam som har skrivit en bok om hur personer med autism kan kn\u00e4cka k\u00e4rlekskoden och dejta med framg\u00e5ng.<\/p>\n<p><a href=\"https:\/\/www.specialnest.se\/liv-hem\/hur-ser-personer-med-autism-pa-att-skaffa-barn\" rel=\"nofollow noopener\" target=\"_blank\"><strong>&#8221;Hur ser personer med autism p\u00e5 att skaffa barn?&#8221;:<\/strong><\/a>\u00a0Personer med autism f\u00e5r f\u00e4rre barn \u00e4n genomsnittet, men varf\u00f6r \u00e4r inte klarlagt. Enligt autismforskaren och professorn Sven B\u00f6lte verkar deras beslut om att skaffa barn i h\u00f6gre grad f\u00f6reg\u00e5s av noggranna \u00f6verv\u00e4ganden kring ork och omv\u00e4rldens krav \u2013 men ingenting tyder p\u00e5 att autistiska personer \u00e4r mindre kompetenta som f\u00f6r\u00e4ldrar. Samtidigt \u00e4r fr\u00e5gan om f\u00f6r\u00e4ldraskap vid autism ett forskningsf\u00e4lt som f\u00e5r alltmer uppm\u00e4rksamhet.<\/p>\n<p><strong><a href=\"https:\/\/www.specialnest.se\/liv-hem\/han-skriver-om-karlek-vid-autism-manga-forblir-ensamma\" rel=\"nofollow noopener\" target=\"_blank\">&#8221;Han skriver om k\u00e4rlek vid autism&#8221;:<\/a>\u00a0<\/strong>En intervju med amerikanen\u00a0Joe Biel som har skrivit\u00a0&#8221;The Autism Relationships Handbook&#8221;. Boken\u00a0handlar om hur personer med autism kan n\u00e5 b\u00e4ttre\u00a0relationer.\u00a0<\/p>\n<p><a href=\"https:\/\/www.specialnest.se\/liv-hem\/sa-tanker-personer-med-autism-om-karleksrelationer\" rel=\"nofollow noopener\" target=\"_blank\"><strong>&#8221;S\u00e5 t\u00e4nker personer med autism om k\u00e4rleksrelationer&#8221;:<\/strong><\/a>\u00a0Detta \u00e4r ett sp\u00e4nnande och t\u00e4nkv\u00e4rt reportage om k\u00e4rleksrelationer vid autism d\u00e4r vi bland andra\u00a0intervjuar psykologen\u00a0Katarina A. S\u00f6rng\u00e5rd\u00a0och Johannes Sandquist, ordf\u00f6rande f\u00f6r f\u00f6reningen Organiserade Aspergare.<\/p>\n","protected":false},"excerpt":{"rendered":"Special Nests material blir inte inaktuellt p\u00e5 samma s\u00e4tt som de dagsaktuella nyheter vi tar del av i&hellip;\n","protected":false},"author":2,"featured_media":73414,"comment_status":"","ping_status":"","sticky":false,"template":"","format":"standard","meta":{"footnotes":""},"categories":[69],"tags":[113,112,439,34,31,33,32,30],"class_list":{"0":"post-73413","1":"post","2":"type-post","3":"status-publish","4":"format-standard","5":"has-post-thumbnail","7":"category-halsa","8":"tag-halsa","9":"tag-health","10":"tag-liv-hem","11":"tag-se","12":"tag-svenska","13":"tag-sverige","14":"tag-sweden","15":"tag-swedish"},"share_on_mastodon":{"url":"https:\/\/pubeurope.com\/@se\/115500409340018882","error":""},"_links":{"self":[{"href":"https:\/\/www.europesays.com\/se\/wp-json\/wp\/v2\/posts\/73413","targetHints":{"allow":["GET"]}}],"collection":[{"href":"https:\/\/www.europesays.com\/se\/wp-json\/wp\/v2\/posts"}],"about":[{"href":"https:\/\/www.europesays.com\/se\/wp-json\/wp\/v2\/types\/post"}],"author":[{"embeddable":true,"href":"https:\/\/www.europesays.com\/se\/wp-json\/wp\/v2\/users\/2"}],"replies":[{"embeddable":true,"href":"https:\/\/www.europesays.com\/se\/wp-json\/wp\/v2\/comments?post=73413"}],"version-history":[{"count":0,"href":"https:\/\/www.europesays.com\/se\/wp-json\/wp\/v2\/posts\/73413\/revisions"}],"wp:featuredmedia":[{"embeddable":true,"href":"https:\/\/www.europesays.com\/se\/wp-json\/wp\/v2\/media\/73414"}],"wp:attachment":[{"href":"https:\/\/www.europesays.com\/se\/wp-json\/wp\/v2\/media?parent=73413"}],"wp:term":[{"taxonomy":"category","embeddable":true,"href":"https:\/\/www.europesays.com\/se\/wp-json\/wp\/v2\/categories?post=73413"},{"taxonomy":"post_tag","embeddable":true,"href":"https:\/\/www.europesays.com\/se\/wp-json\/wp\/v2\/tags?post=73413"}],"curies":[{"name":"wp","href":"https:\/\/api.w.org\/{rel}","templated":true}]}}