{"id":73425,"date":"2025-11-06T04:55:14","date_gmt":"2025-11-06T04:55:14","guid":{"rendered":"https:\/\/www.europesays.com\/se\/73425\/"},"modified":"2025-11-06T04:55:14","modified_gmt":"2025-11-06T04:55:14","slug":"expressen-direkt-senaste-nytt-i-korthet-680","status":"publish","type":"post","link":"https:\/\/www.europesays.com\/se\/73425\/","title":{"rendered":"Expressen Direkt \u2013 senaste nytt i korthet"},"content":{"rendered":"<p>Kv\u00e4llens nyheterMan d\u00f6d \u2013 jakt p\u00e5 g\u00e4rningsman<\/p>\n<p>Under onsdagskv\u00e4llen larmades polisen efter att flera skott hade h\u00f6rts avlossats i Riksby i Stockholm. \u00a0Bilder fr\u00e5n platsen visar skotth\u00e5l i vindrutan p\u00e5 en parkerad bil. En skottskadad man i 20-\u00e5rs\u00e5ldern hittades och v\u00e5rdades initialt av ambulanspersonal. Senare under kv\u00e4llen meddelade polisen att mannen var avliden och att ingen misst\u00e4nkt var gripen.\u00a0<\/p>\n<p>\u2013 Vi s\u00f6ker efter g\u00e4rningsmannen eller g\u00e4rningsm\u00e4nnen som uppges ha l\u00e4mnat platsen i en bil, s\u00e4ger Mats Eriksson.<\/p>\n<p>L\u00e4s mer h\u00e4r:<\/p>\n<p><a href=\"https:\/\/www.expressen.se\/nyheter\/sverige\/man-skjuten-i-bromma\/\" target=\"_top\" rel=\"nofollow noopener\">Man d\u00f6d \u2013 jakt p\u00e5 g\u00e4rningsman<\/a><\/p>\n<p>Kris f\u00f6r svenska glas\u00f6gonbolaget Chimi \u2013 100 miljoner i skuld\u00a0<\/p>\n<p id=\"isPasted\">Hajpade solglas\u00f6gonm\u00e4rket Chimi krisar. \u00a0Bolaget har 100 miljoner kronor i skulder och ans\u00f6ker om f\u00f6retagsrekonstruktion. \u00a0F\u00f6retaget grundades 2016 och \u00e4r i dag ett trendigt glas\u00f6gonm\u00e4rke med runt 45 anst\u00e4llda. \u00a0Bakom Chimi finns det flera tunga namn p\u00e5 \u00e4garlistan \u2013 bland annat influencern Bianca Ingrosso, H&amp;M-arvingen Nils Tham och PR-profilen Daniel Redgert som har investerat i f\u00f6retaget. F\u00f6r att undvika konkurs ans\u00f6ker man nu om f\u00f6retagsrekonstruktion.\u00a0<\/p>\n<p>L\u00e4s mer h\u00e4r:<\/p>\n<p><a href=\"https:\/\/www.expressen.se\/ekonomi\/kris-for-chimi-100-miljoner-i-skulder\/\" target=\"_top\" rel=\"nofollow noopener\">Kris f\u00f6r svenska glas\u00f6gonbolaget Chimi \u2013 100 miljoner i skuld<\/a><a href=\"https:\/\/www.expressen.se\/ekonomi\/kris-for-chimi-100-miljoner-i-skulder\/\" target=\"_top\" rel=\"nofollow noopener\">\u00a0<\/a><\/p>\n<p>Kallar till krism\u00f6te efter valf\u00f6rlusterna<\/p>\n<p id=\"isPasted\">Demokraterna tog tre tunga valvinster p\u00e5 tisdagen. Partiet tog hem guvern\u00f6rsvalen i Virginia och New Jersey, och i New York valdes den socialistiska muslimen Zohran Mamdani till borgm\u00e4stare. Efter det kallade Trump alla republikanska senatorer till krism\u00f6te och h\u00f6ll inf\u00f6r det en konferens.\u00a0<\/p>\n<p>\u2013 Jag t\u00e4nkte att vi skulle ha en diskussion om vad g\u00e5rdagen innebar och vad vi borde g\u00f6ra \u00e5t det, s\u00e4ger Trump som enligt CNN:s korrespondent ska ha l\u00e5tit m\u00e4rkbart irriterad under konferensen.<\/p>\n<p>L\u00e4s mer h\u00e4r:<\/p>\n<p><a href=\"https:\/\/www.expressen.se\/nyheter\/varlden\/trump-kallar-till-krismote-efter-valforlusterna\/\" target=\"_top\" rel=\"nofollow noopener\">Kallar till krism\u00f6te efter valf\u00f6rlusterna<\/a><\/p>\n","protected":false},"excerpt":{"rendered":"Kv\u00e4llens nyheterMan d\u00f6d \u2013 jakt p\u00e5 g\u00e4rningsman Under onsdagskv\u00e4llen larmades polisen efter att flera skott hade h\u00f6rts avlossats&hellip;\n","protected":false},"author":2,"featured_media":39,"comment_status":"","ping_status":"","sticky":false,"template":"","format":"standard","meta":{"footnotes":""},"categories":[5],"tags":[22,23,26,27,35,17,21,24,25,28,29,15,16,18,34,31,33,32,30,19,20],"class_list":{"0":"post-73425","1":"post","2":"type-post","3":"status-publish","4":"format-standard","5":"has-post-thumbnail","7":"category-rubriker","8":"tag-breaking-news","9":"tag-breakingnews","10":"tag-featured-news","11":"tag-featurednews","12":"tag-function-ta-bort-ai-rost","13":"tag-headlines","14":"tag-huvudnyheter","15":"tag-latest-news","16":"tag-latestnews","17":"tag-main-news","18":"tag-mainnews","19":"tag-news","20":"tag-nyheter","21":"tag-rubriker","22":"tag-se","23":"tag-svenska","24":"tag-sverige","25":"tag-sweden","26":"tag-swedish","27":"tag-top-stories","28":"tag-topstories"},"share_on_mastodon":{"url":"https:\/\/pubeurope.com\/@se\/115500975958832125","error":""},"_links":{"self":[{"href":"https:\/\/www.europesays.com\/se\/wp-json\/wp\/v2\/posts\/73425","targetHints":{"allow":["GET"]}}],"collection":[{"href":"https:\/\/www.europesays.com\/se\/wp-json\/wp\/v2\/posts"}],"about":[{"href":"https:\/\/www.europesays.com\/se\/wp-json\/wp\/v2\/types\/post"}],"author":[{"embeddable":true,"href":"https:\/\/www.europesays.com\/se\/wp-json\/wp\/v2\/users\/2"}],"replies":[{"embeddable":true,"href":"https:\/\/www.europesays.com\/se\/wp-json\/wp\/v2\/comments?post=73425"}],"version-history":[{"count":0,"href":"https:\/\/www.europesays.com\/se\/wp-json\/wp\/v2\/posts\/73425\/revisions"}],"wp:featuredmedia":[{"embeddable":true,"href":"https:\/\/www.europesays.com\/se\/wp-json\/wp\/v2\/media\/39"}],"wp:attachment":[{"href":"https:\/\/www.europesays.com\/se\/wp-json\/wp\/v2\/media?parent=73425"}],"wp:term":[{"taxonomy":"category","embeddable":true,"href":"https:\/\/www.europesays.com\/se\/wp-json\/wp\/v2\/categories?post=73425"},{"taxonomy":"post_tag","embeddable":true,"href":"https:\/\/www.europesays.com\/se\/wp-json\/wp\/v2\/tags?post=73425"}],"curies":[{"name":"wp","href":"https:\/\/api.w.org\/{rel}","templated":true}]}}