{"id":73514,"date":"2025-11-06T06:52:21","date_gmt":"2025-11-06T06:52:21","guid":{"rendered":"https:\/\/www.europesays.com\/se\/73514\/"},"modified":"2025-11-06T06:52:21","modified_gmt":"2025-11-06T06:52:21","slug":"stjarntatt-i-nya-highlander-12-skadespelare-gor-henry-cavill-sallskap","status":"publish","type":"post","link":"https:\/\/www.europesays.com\/se\/73514\/","title":{"rendered":"Stj\u00e4rnt\u00e4tt i nya &#8221;Highlander&#8221;: 12 sk\u00e5despelare g\u00f6r Henry Cavill s\u00e4llskap"},"content":{"rendered":"<p>Som vi vet sedan tidigare \u00e4r en ny version av klassikern <strong>\u201dHighlander\u201d<\/strong> (1986) p\u00e5 v\u00e4g, och produktionen forts\u00e4tter att v\u00e4xa. <strong>Henry Cavill<\/strong>\u00a0spelar huvudrollen som skotska, od\u00f6dliga krigaren Connor MacLeod.<\/p>\n<p>Sedan tidigare \u00e4r <a href=\"https:\/\/www.moviezine.se\/nyheter\/russell-crowe-far-nyckelroll-i-nya-highlander\" rel=\"nofollow noopener\" target=\"_blank\">Russell Crowe<\/a> klar att spela Ramirez, MacLeods mentorfigur medan <a href=\"https:\/\/www.moviezine.se\/nyheter\/dave-bautista-kniper-skurkrollen-i-highlander-ska-tvala-till-henry-cavill\" rel=\"nofollow noopener\" target=\"_blank\">Dave Bautista<\/a> tar sig an rollen som The Kurgen, den h\u00e4nsynsl\u00f6sa antagonisten som jagar od\u00f6dliga.<\/p>\n<p>Andra i rollistan \u00e4r Karen Gillan som Heather MacLeod, Connors k\u00e4rleksintresse, Djimon Hounsou som en od\u00f6dlig krigare fr\u00e5n Afrika och <a href=\"https:\/\/www.moviezine.se\/nyheter\/jeremy-irons-gor-livet-surt-for-henry-cavill-i-nya-highlander\" rel=\"nofollow noopener\" target=\"_blank\">Jeremy Irons<\/a> som skurkaktig ledare av hemliga The Watchers.<\/p>\n<p>\u00c4ven Marisa Abela (\u201dBack to Black\u201d), Max Zhang (\u201dPacific Rim: Uprising\u201d) och wrestlingstj\u00e4rnan Drew McIntyre (\u201dThe Killer\u2019s Game\u201d) medverkar.<\/p>\n<p>Enligt en rapport fr\u00e5n <a href=\"https:\/\/www.hollywoodreporter.com\/movies\/movie-news\/highlander-remake-adds-siobhan-cullen-jun-jong-seo-1236418262\/\" rel=\"nofollow noopener\" target=\"_blank\">Hollywood Reporter<\/a> har fyra nya sk\u00e5despelare anslutit till rollistan, d\u00e4ribland <strong>Siobh\u00e1n Cullen, Jun Jong\u2011seo, Nassim Lyes<\/strong> och<strong> Kevin McKidd<\/strong>.<\/p>\n<p><img loading=\"lazy\" height=\"432\" width=\"648\" class=\"wp-image-705269 sp-no-webp perfmatters-lazy\" alt=\"\" decoding=\"async\" data-id=\"705269\" src=\"https:\/\/www.europesays.com\/se\/wp-content\/uploads\/2025\/11\/Siobhan-Cullen-The-Limehouse-Golem-648x432.jpg\"  data-\/> <\/p>\n<p>Irl\u00e4ndska Cullen k\u00e4nner vi igen fr\u00e5n bland annat \u201dJimi: All Is by My Side\u201d och \u201dThe Limehouse Golem\u201d. Hon spelar en polispsykolog som l\u00e4r sig om od\u00f6dliga och vill hj\u00e4lpa MacLeod.<\/p>\n<p><img loading=\"lazy\" height=\"381\" width=\"648\" class=\"wp-image-705270 sp-no-webp perfmatters-lazy\" alt=\"\" decoding=\"async\" data-id=\"705270\" src=\"https:\/\/www.moviezine.se\/wp-content\/uploads\/2025\/11\/Jun-Jong\u2011seo-kate-hudson-Mona-Lisa-And-The-Blood-Moon-648x381.jpg\"  data-\/> <\/p>\n<p>Koreanska Jong\u2011seo Hollywood-debuterade i \u201dMona Lisa and the Blood Moon\u201d och kommer att spela en medlem av Watchers.<\/p>\n<p><img loading=\"lazy\" height=\"429\" width=\"648\" class=\"wp-image-705272 sp-no-webp perfmatters-lazy\" alt=\"\" decoding=\"async\" data-id=\"705272\" src=\"https:\/\/www.europesays.com\/se\/wp-content\/uploads\/2025\/11\/Nassim-Lyes-Under-Paris-hajar-i-paris-648x429.jpg\"  data-\/> Screenshot<\/p>\n<p>Franska Lyes k\u00e4nner vi igen fr\u00e5n Netflix-succ\u00e9n \u201dHajar i Paris\u201d och kommer att spela en od\u00f6dlig som f\u00f6rf\u00f6ljer MacLeod.<\/p>\n<p><img loading=\"lazy\" height=\"275\" width=\"648\" class=\"wp-image-705268 sp-no-webp perfmatters-lazy\" alt=\"\" decoding=\"async\" data-id=\"705268\" src=\"https:\/\/www.europesays.com\/se\/wp-content\/uploads\/2025\/11\/kevin-mckidd-Percy-Jackson-och-kampen-om-askviggen-648x275.jpg\"  data-\/> <\/p>\n<p>Mest v\u00e4lbekant \u00e4r troligen skotska veteranen McKidd, som spelat i allt fr\u00e5n \u201dTrainspotting\u201d till \u201dGrey\u2019s Anatomy\u201d. Hans roll \u00e4r fortfarande oklar.<\/p>\n<p>Inspelningarna ber\u00e4knas starta 2026, d\u00e5 de <a href=\"https:\/\/www.moviezine.se\/nyheter\/henry-cavill-skadad-nya-highlander-blir-forsenad\" rel=\"nofollow noopener\" target=\"_blank\">f\u00f6rsenats p\u00e5 grund av Cavills tr\u00e4ningsskada<\/a>.<\/p>\n<p>L\u00e4s ocks\u00e5: <a href=\"https:\/\/www.moviezine.se\/nyheter\/the-witchers-liam-hemsworth-holl-sig-offline-pa-grund-av-henry-cavill-fansen\" title=\"\u201cThe Witchers\u201d Liam Hemsworth h\u00f6ll sig offline p\u00e5 grund av Henry Cavill-fansen\" class=\"underline-custom !font-montserrat !font-bold !underline-offset-4 !decoration-4 !decoration-moviezine-green !text-md\" rel=\"nofollow noopener\" target=\"_blank\">\u201cThe Witchers\u201d Liam Hemsworth h\u00f6ll sig offline p\u00e5 grund av Henry Cavill-fansen<\/a><\/p>\n<p>L\u00e4s ocks\u00e5: <a href=\"https:\/\/www.moviezine.se\/nyheter\/dave-bautista-har-fatt-nog-av-gnallspikar-skarp-er-for-hlvete\" title=\"Dave Bautista har f\u00e5tt nog: \u201dSluta gn\u00e4ll och klaga hela tiden!\u201d\" class=\"underline-custom !font-montserrat !font-bold !underline-offset-4 !decoration-4 !decoration-moviezine-green !text-md\" rel=\"nofollow noopener\" target=\"_blank\">Dave Bautista har f\u00e5tt nog: \u201dSluta gn\u00e4ll och klaga hela tiden!\u201d<\/a><\/p>\n","protected":false},"excerpt":{"rendered":"Som vi vet sedan tidigare \u00e4r en ny version av klassikern \u201dHighlander\u201d (1986) p\u00e5 v\u00e4g, och produktionen forts\u00e4tter&hellip;\n","protected":false},"author":2,"featured_media":73515,"comment_status":"","ping_status":"","sticky":false,"template":"","format":"standard","meta":{"footnotes":""},"categories":[66],"tags":[2453,2903,80,78,79,34,31,33,32,30,81,84,83,82],"class_list":{"0":"post-73514","1":"post","2":"type-post","3":"status-publish","4":"format-standard","5":"has-post-thumbnail","7":"category-vetenskap-och-teknik","8":"tag-casting","9":"tag-klassiker","10":"tag-science","11":"tag-science-and-technology","12":"tag-scienceandtechnology","13":"tag-se","14":"tag-svenska","15":"tag-sverige","16":"tag-sweden","17":"tag-swedish","18":"tag-technology","19":"tag-teknik","20":"tag-vetenskap","21":"tag-vetenskapteknik"},"share_on_mastodon":{"url":"https:\/\/pubeurope.com\/@se\/115501435845702344","error":""},"_links":{"self":[{"href":"https:\/\/www.europesays.com\/se\/wp-json\/wp\/v2\/posts\/73514","targetHints":{"allow":["GET"]}}],"collection":[{"href":"https:\/\/www.europesays.com\/se\/wp-json\/wp\/v2\/posts"}],"about":[{"href":"https:\/\/www.europesays.com\/se\/wp-json\/wp\/v2\/types\/post"}],"author":[{"embeddable":true,"href":"https:\/\/www.europesays.com\/se\/wp-json\/wp\/v2\/users\/2"}],"replies":[{"embeddable":true,"href":"https:\/\/www.europesays.com\/se\/wp-json\/wp\/v2\/comments?post=73514"}],"version-history":[{"count":0,"href":"https:\/\/www.europesays.com\/se\/wp-json\/wp\/v2\/posts\/73514\/revisions"}],"wp:featuredmedia":[{"embeddable":true,"href":"https:\/\/www.europesays.com\/se\/wp-json\/wp\/v2\/media\/73515"}],"wp:attachment":[{"href":"https:\/\/www.europesays.com\/se\/wp-json\/wp\/v2\/media?parent=73514"}],"wp:term":[{"taxonomy":"category","embeddable":true,"href":"https:\/\/www.europesays.com\/se\/wp-json\/wp\/v2\/categories?post=73514"},{"taxonomy":"post_tag","embeddable":true,"href":"https:\/\/www.europesays.com\/se\/wp-json\/wp\/v2\/tags?post=73514"}],"curies":[{"name":"wp","href":"https:\/\/api.w.org\/{rel}","templated":true}]}}