{"id":73521,"date":"2025-11-06T07:08:08","date_gmt":"2025-11-06T07:08:08","guid":{"rendered":"https:\/\/www.europesays.com\/se\/73521\/"},"modified":"2025-11-06T07:08:08","modified_gmt":"2025-11-06T07:08:08","slug":"svt-succen-gift-vid-forsta-ogonkastet-gors-om-helt","status":"publish","type":"post","link":"https:\/\/www.europesays.com\/se\/73521\/","title":{"rendered":"SVT-succ\u00e9n \u201dGift vid f\u00f6rsta \u00f6gonkastet\u201d g\u00f6rs om \u2013 helt."},"content":{"rendered":"<p>Publicerad 6 nov 2025 kl 07.50Uppdaterad kl 08.03<\/p>\n<p>SVT-succ\u00e9n \u201dGift vid f\u00f6rsta \u00f6gonkastet\u201d g\u00f6rs om \u2013 helt.<\/p>\n<p>N\u00e4sta s\u00e4song kommer deltagarna att bo i samma hus, skriver <a href=\"https:\/\/www.aftonbladet.se\/\" rel=\"nofollow noopener\" target=\"_blank\">Aftonbladet<\/a>.<\/p>\n<p>\u2013 Dynamiken mellan paren blir lika engagerande som k\u00e4rlekshistorierna i sig, s\u00e4ger Anton Glanzelius, programbest\u00e4llare, i ett uttalande.\u00a0<\/p>\n<p><img   alt=\"\"\/><\/p>\n<p>\u00c5rets deltagare i \u201dGift vid f\u00f6rsta \u00f6gonkastet \u2013 vinterskrud\u201d.<\/p>\n<p>Foto: Magnus Liam \/ SVT<\/p>\n<p>\u00d6ppna bild i helsk\u00e4rm<\/p>\n<p>Den trettonde upplagan av GVF\u00d6 rullar just nu p\u00e5 SVT.\u00a0<\/p>\n<p>Till n\u00e4sta s\u00e4song f\u00e5r programmet en rej\u00e4l uppdatering. Det blir fler deltagare s\u00e5v\u00e4l som fler avsnitt och ny expertpanel.<\/p>\n<p>\u2013 En svensk version av Australiens supersize-version har l\u00e4nge efterfr\u00e5gats, s\u00e4ger Anton Glanzelius i ett uttalande som Aftonbladet har tagit del av.<\/p>\n<p>Paren kommer att bo i ett l\u00e4genhetskomplex och \u00e4ta middagar och delta i aktiviteter tillsammans. Det g\u00f6r att relationerna kan speglas i varandra, enligt SVT.\u00a0<\/p>\n<p>\u2013 Jag kan utlova stor k\u00e4rlek men ocks\u00e5 stor dramatik. S\u00e5 grattis alla som \u00e4lskar \u201d<a href=\"https:\/\/www.expressen.se\/tagg\/organization\/gift-vid-forsta-ogonkastet\/\" class=\"\" rel=\"nofollow noopener\" target=\"_blank\">Gift vid f\u00f6rsta \u00f6gonkastet<\/a>\u201d, det h\u00e4r kommer bli n\u00e5got alldeles extra, s\u00e4ger Anton Glanzelius.\u00a0<\/p>\n<p><strong>L\u00c4S MER: <\/strong><a href=\"https:\/\/www.expressen.se\/noje\/tv-och-streaming\/andringen-i-gift-vid-forsta-ogonkastet\/\" class=\"\" rel=\"nofollow noopener\" target=\"_blank\">\u00c4ndringen i \u201dGift vid f\u00f6rsta \u00f6gonkastet\u201d<\/a><strong>L\u00c4S MER: <\/strong><a href=\"https:\/\/www.expressen.se\/noje\/kronikorer\/fanny-svard\/fanny-svard-om-gift-vid-forsta-ogonkastet-som-att-se-deras-relation-do-i-fortid\/\" class=\"\" rel=\"nofollow noopener\" target=\"_blank\">Fanny Sv\u00e4rd om \u201dGift vid f\u00f6rsta \u00f6gonkastet\u201d: Som att se deras relation d\u00f6 i f\u00f6rtid<\/a><\/p>\n","protected":false},"excerpt":{"rendered":"Publicerad 6 nov 2025 kl 07.50Uppdaterad kl 08.03 SVT-succ\u00e9n \u201dGift vid f\u00f6rsta \u00f6gonkastet\u201d g\u00f6rs om \u2013 helt. N\u00e4sta&hellip;\n","protected":false},"author":2,"featured_media":73522,"comment_status":"","ping_status":"","sticky":false,"template":"","format":"standard","meta":{"footnotes":""},"categories":[67],"tags":[104,3059,361,34,645,31,33,32,30,105],"class_list":{"0":"post-73521","1":"post","2":"type-post","3":"status-publish","4":"format-standard","5":"has-post-thumbnail","7":"category-underhallning","8":"tag-entertainment","9":"tag-organization-gift-vid-forsta-ogonkastet","10":"tag-organization-svt","11":"tag-se","12":"tag-sections-tv","13":"tag-svenska","14":"tag-sverige","15":"tag-sweden","16":"tag-swedish","17":"tag-underhallning"},"share_on_mastodon":{"url":"https:\/\/pubeurope.com\/@se\/115501498600391316","error":""},"_links":{"self":[{"href":"https:\/\/www.europesays.com\/se\/wp-json\/wp\/v2\/posts\/73521","targetHints":{"allow":["GET"]}}],"collection":[{"href":"https:\/\/www.europesays.com\/se\/wp-json\/wp\/v2\/posts"}],"about":[{"href":"https:\/\/www.europesays.com\/se\/wp-json\/wp\/v2\/types\/post"}],"author":[{"embeddable":true,"href":"https:\/\/www.europesays.com\/se\/wp-json\/wp\/v2\/users\/2"}],"replies":[{"embeddable":true,"href":"https:\/\/www.europesays.com\/se\/wp-json\/wp\/v2\/comments?post=73521"}],"version-history":[{"count":0,"href":"https:\/\/www.europesays.com\/se\/wp-json\/wp\/v2\/posts\/73521\/revisions"}],"wp:featuredmedia":[{"embeddable":true,"href":"https:\/\/www.europesays.com\/se\/wp-json\/wp\/v2\/media\/73522"}],"wp:attachment":[{"href":"https:\/\/www.europesays.com\/se\/wp-json\/wp\/v2\/media?parent=73521"}],"wp:term":[{"taxonomy":"category","embeddable":true,"href":"https:\/\/www.europesays.com\/se\/wp-json\/wp\/v2\/categories?post=73521"},{"taxonomy":"post_tag","embeddable":true,"href":"https:\/\/www.europesays.com\/se\/wp-json\/wp\/v2\/tags?post=73521"}],"curies":[{"name":"wp","href":"https:\/\/api.w.org\/{rel}","templated":true}]}}