{"id":73525,"date":"2025-11-06T07:12:30","date_gmt":"2025-11-06T07:12:30","guid":{"rendered":"https:\/\/www.europesays.com\/se\/73525\/"},"modified":"2025-11-06T07:12:30","modified_gmt":"2025-11-06T07:12:30","slug":"sla-ihop-fler-sma-kommuner","status":"publish","type":"post","link":"https:\/\/www.europesays.com\/se\/73525\/","title":{"rendered":"Sl\u00e5 ihop fler sm\u00e5 kommuner"},"content":{"rendered":"<p class=\"boxtextgrotesk-root_baa6 hyperion-css-7pajle\">Publicerad 2025-11-04 15.00<\/p>\n<p>share-arrowDela<\/p>\n<p>unsaveSpara<\/p>\n<p>expand-left<\/p>\n<p>helsk\u00e4rm<img decoding=\"async\" class=\"image-asset hyperion-css-u06ts1\" data-test-tag=\"image-asset\" src=\"https:\/\/www.europesays.com\/se\/wp-content\/uploads\/2025\/11\/ea04551e-0f67-4cdb-b8fe-dd8481c6392d\"  alt=\"Civilminister Erik Slottner (KD).Arkivbild\"  loading=\"eager\" fetchpriority=\"high\" style=\"aspect-ratio:1900 \/ 1268\"\/>Civilminister Erik Slottner (KD).Arkivbild Foto: Claudio Bresciani\/TT<\/p>\n<p class=\"hyperion-css-1shl3oz\" data-test-tag=\"lead-text\">Civilminister Erik Slottner (KD) vill att fler sm\u00e5 kommuner sl\u00e5s ihop, inte minst i Sk\u00e5ne och i V\u00e4stra G\u00f6taland.<\/p>\n<p class=\"hyperion-css-1shl3oz\" data-test-tag=\"lead-text\">Men motst\u00e5ndet \u00e4r starkt, och nu hoppas han att ett f\u00f6rslag om \u00e4ndrat st\u00f6d till sm\u00e5kommuner ska \u00f6ka intresset.<\/p>\n<p class=\"hyperion-css-1v9qo5x\">Finansdepartementet har i dag skickat ut ett f\u00f6rslag p\u00e5 remiss om ers\u00e4ttning f\u00f6r administrativa merkostnader i sm\u00e5 och glesbefolkade kommuner.<\/p>\n<p class=\"hyperion-css-1v9qo5x\">Ers\u00e4ttningen \u00e4r en mindre del i utj\u00e4mningssystemet, som syftar till att skapa mer lika f\u00f6ruts\u00e4ttningar f\u00f6r kommuner att tillhandah\u00e5lla service f\u00f6r inv\u00e5narna.<\/p>\n<p class=\"hyperion-css-1v9qo5x\">F\u00f6rslaget inneb\u00e4r h\u00f6gre st\u00f6d \u00e4n i dag f\u00f6r administrativa kostnader till kommuner som har en folkm\u00e4ngd som understiger 10\u00a0000 inv\u00e5nare och ett avst\u00e5nd mellan inv\u00e5narna som \u00f6verstiger 700 meter i snitt. Som till exempel Dorotea, Vilhelmina och Jokkmokk.<\/p>\n<p>Mindre h\u00f6jning<\/p>\n<p class=\"hyperion-css-1v9qo5x\">Finansdepartementets f\u00f6rslag skiljer sig fr\u00e5n vad den s\u00e5 kallade utj\u00e4mningskommitt\u00e9n f\u00f6reslog 2024. Kommitt\u00e9ns modell innebar att \u00e4ven sm\u00e5 kommuner som inte \u00e4r glesbygd skulle f\u00e5 en ganska kraftig \u00f6kning av st\u00f6det f\u00f6r merkostnader till administration. Nu f\u00e5r de n\u00f6ja sig med en mindre h\u00f6jning j\u00e4mf\u00f6rt med vad som g\u00e4ller i dag.<\/p>\n<p class=\"hyperion-css-1v9qo5x\">En orsak \u00e4r att finansdepartementet anser att kommitt\u00e9ns modell inte skulle ge tillr\u00e4ckliga incitament till att minska administrativa kostnader. Slottner vill inte att utj\u00e4mningssystemet utformas s\u00e5 att det motverkar en eventuell vilja hos kommuner att sl\u00e5s ihop.<\/p>\n<p class=\"hyperion-css-1v9qo5x\">Han tycker ocks\u00e5 att det \u00e4r mer r\u00e4ttvist att sm\u00e5 kommuner med glesbygd f\u00e5r mer i ers\u00e4ttning \u00e4n andra sm\u00e5 kommuner.<\/p>\n<p class=\"hyperion-css-1v9qo5x\">\u2013Glesheten \u00e4r sv\u00e5r att p\u00e5verka, men inte storleken p\u00e5 kommunen, s\u00e4ger Slottner.<\/p>\n<p>Sl\u00e5 ihop<\/p>\n<p class=\"hyperion-css-1v9qo5x\">Han pekar p\u00e5 att det framf\u00f6r allt i V\u00e4stra G\u00f6taland och i Sk\u00e5ne finns \u201dv\u00e4ldigt m\u00e5nga\u201d kommuner som skulle vara l\u00e4mpliga f\u00f6r att sl\u00e5s ihop.<\/p>\n<p class=\"hyperion-css-1v9qo5x\">\u2013 De ligger n\u00e4ra varandra, \u00e4r ganska sm\u00e5 till ytan och samarbetar v\u00e4ldigt mycket, s\u00e4ger Slottner.<\/p>\n<p class=\"hyperion-css-1v9qo5x\">Men viljan till sammanslagningar \u00e4r n\u00e4stan noll hos landets kommuner, konstaterade en utredning f\u00f6rra \u00e5ret.<\/p>\n<p class=\"hyperion-css-1v9qo5x\">\u2013 Det finns inga planer fr\u00e5n regeringen att rita om kartan fr\u00e5n statligt h\u00e5ll, d\u00e4remot hoppas jag att vi p\u00e5 olika s\u00e4tt ska kunna skapa incitament som g\u00f6r det mer lockande f\u00f6r kommuner att g\u00e5 samman, s\u00e4ger Slottner.<\/p>\n<p class=\"hyperion-css-1v9qo5x\">\u2013 Jag \u00e4r \u00f6vertygad om att om fler kommuner skulle g\u00e5 samman, s\u00e5 skulle Sverige som helhet st\u00e5 b\u00e4ttre rustat f\u00f6r att klara h\u00e4lso- och sjukv\u00e5rd, \u00e4ldreomsorg, skola, klimatanpassning och digitalisering.<\/p>\n","protected":false},"excerpt":{"rendered":"Publicerad 2025-11-04 15.00 share-arrowDela unsaveSpara expand-left helsk\u00e4rmCivilminister Erik Slottner (KD).Arkivbild Foto: Claudio Bresciani\/TT Civilminister Erik Slottner (KD) vill&hellip;\n","protected":false},"author":2,"featured_media":73526,"comment_status":"","ping_status":"","sticky":false,"template":"","format":"standard","meta":{"footnotes":""},"categories":[12],"tags":[22,23,26,27,17,21,24,25,28,29,15,16,18,34,31,33,32,30,19,20],"class_list":{"0":"post-73525","1":"post","2":"type-post","3":"status-publish","4":"format-standard","5":"has-post-thumbnail","7":"category-sverige","8":"tag-breaking-news","9":"tag-breakingnews","10":"tag-featured-news","11":"tag-featurednews","12":"tag-headlines","13":"tag-huvudnyheter","14":"tag-latest-news","15":"tag-latestnews","16":"tag-main-news","17":"tag-mainnews","18":"tag-news","19":"tag-nyheter","20":"tag-rubriker","21":"tag-se","22":"tag-svenska","23":"tag-sverige","24":"tag-sweden","25":"tag-swedish","26":"tag-top-stories","27":"tag-topstories"},"share_on_mastodon":{"url":"https:\/\/pubeurope.com\/@se\/115501514514401988","error":""},"_links":{"self":[{"href":"https:\/\/www.europesays.com\/se\/wp-json\/wp\/v2\/posts\/73525","targetHints":{"allow":["GET"]}}],"collection":[{"href":"https:\/\/www.europesays.com\/se\/wp-json\/wp\/v2\/posts"}],"about":[{"href":"https:\/\/www.europesays.com\/se\/wp-json\/wp\/v2\/types\/post"}],"author":[{"embeddable":true,"href":"https:\/\/www.europesays.com\/se\/wp-json\/wp\/v2\/users\/2"}],"replies":[{"embeddable":true,"href":"https:\/\/www.europesays.com\/se\/wp-json\/wp\/v2\/comments?post=73525"}],"version-history":[{"count":0,"href":"https:\/\/www.europesays.com\/se\/wp-json\/wp\/v2\/posts\/73525\/revisions"}],"wp:featuredmedia":[{"embeddable":true,"href":"https:\/\/www.europesays.com\/se\/wp-json\/wp\/v2\/media\/73526"}],"wp:attachment":[{"href":"https:\/\/www.europesays.com\/se\/wp-json\/wp\/v2\/media?parent=73525"}],"wp:term":[{"taxonomy":"category","embeddable":true,"href":"https:\/\/www.europesays.com\/se\/wp-json\/wp\/v2\/categories?post=73525"},{"taxonomy":"post_tag","embeddable":true,"href":"https:\/\/www.europesays.com\/se\/wp-json\/wp\/v2\/tags?post=73525"}],"curies":[{"name":"wp","href":"https:\/\/api.w.org\/{rel}","templated":true}]}}