{"id":73782,"date":"2025-11-06T13:16:14","date_gmt":"2025-11-06T13:16:14","guid":{"rendered":"https:\/\/www.europesays.com\/se\/73782\/"},"modified":"2025-11-06T13:16:14","modified_gmt":"2025-11-06T13:16:14","slug":"busch-inga-sarlosningar-for-stegra","status":"publish","type":"post","link":"https:\/\/www.europesays.com\/se\/73782\/","title":{"rendered":"Busch: Inga s\u00e4rl\u00f6sningar f\u00f6r Stegra"},"content":{"rendered":"<p>\u2013 Vi har ju de villkor vi har f\u00f6r Klimatklivet och Industriklivet. Det h\u00e4r bolaget har ju precis som andra bolag m\u00f6jlighet att s\u00f6ka dem, enligt de kriterier som finns, s\u00e4ger Ebba Busch.<\/p>\n<p>TT tar upp fr\u00e5gan med n\u00e4ringsministern i samband med ett hon bes\u00f6ker riksdagen. Detta sedan Stegras nytilltr\u00e4dda styrelseordf\u00f6rande Shaun Kingsbury i tisdags sagt att det p\u00e5g\u00e5r samtal med regeringen om en utbetalning av ett st\u00f6d till Stegra p\u00e5 150 miljoner euro, som EU-kommissionen redan har gett gr\u00f6nt ljus f\u00f6r.<\/p>\n","protected":false},"excerpt":{"rendered":"\u2013 Vi har ju de villkor vi har f\u00f6r Klimatklivet och Industriklivet. Det h\u00e4r bolaget har ju precis&hellip;\n","protected":false},"author":2,"featured_media":73783,"comment_status":"","ping_status":"","sticky":false,"template":"","format":"standard","meta":{"footnotes":""},"categories":[5],"tags":[22,23,26,27,17,21,24,25,28,29,15,16,18,34,31,33,32,30,19,20],"class_list":{"0":"post-73782","1":"post","2":"type-post","3":"status-publish","4":"format-standard","5":"has-post-thumbnail","7":"category-rubriker","8":"tag-breaking-news","9":"tag-breakingnews","10":"tag-featured-news","11":"tag-featurednews","12":"tag-headlines","13":"tag-huvudnyheter","14":"tag-latest-news","15":"tag-latestnews","16":"tag-main-news","17":"tag-mainnews","18":"tag-news","19":"tag-nyheter","20":"tag-rubriker","21":"tag-se","22":"tag-svenska","23":"tag-sverige","24":"tag-sweden","25":"tag-swedish","26":"tag-top-stories","27":"tag-topstories"},"share_on_mastodon":{"url":"https:\/\/pubeurope.com\/@se\/115502945702698262","error":""},"_links":{"self":[{"href":"https:\/\/www.europesays.com\/se\/wp-json\/wp\/v2\/posts\/73782","targetHints":{"allow":["GET"]}}],"collection":[{"href":"https:\/\/www.europesays.com\/se\/wp-json\/wp\/v2\/posts"}],"about":[{"href":"https:\/\/www.europesays.com\/se\/wp-json\/wp\/v2\/types\/post"}],"author":[{"embeddable":true,"href":"https:\/\/www.europesays.com\/se\/wp-json\/wp\/v2\/users\/2"}],"replies":[{"embeddable":true,"href":"https:\/\/www.europesays.com\/se\/wp-json\/wp\/v2\/comments?post=73782"}],"version-history":[{"count":0,"href":"https:\/\/www.europesays.com\/se\/wp-json\/wp\/v2\/posts\/73782\/revisions"}],"wp:featuredmedia":[{"embeddable":true,"href":"https:\/\/www.europesays.com\/se\/wp-json\/wp\/v2\/media\/73783"}],"wp:attachment":[{"href":"https:\/\/www.europesays.com\/se\/wp-json\/wp\/v2\/media?parent=73782"}],"wp:term":[{"taxonomy":"category","embeddable":true,"href":"https:\/\/www.europesays.com\/se\/wp-json\/wp\/v2\/categories?post=73782"},{"taxonomy":"post_tag","embeddable":true,"href":"https:\/\/www.europesays.com\/se\/wp-json\/wp\/v2\/tags?post=73782"}],"curies":[{"name":"wp","href":"https:\/\/api.w.org\/{rel}","templated":true}]}}