{"id":73816,"date":"2025-11-06T13:48:28","date_gmt":"2025-11-06T13:48:28","guid":{"rendered":"https:\/\/www.europesays.com\/se\/73816\/"},"modified":"2025-11-06T13:48:28","modified_gmt":"2025-11-06T13:48:28","slug":"nu-slar-monstertyfonen-kalmaegitill-mot-vietnam","status":"publish","type":"post","link":"https:\/\/www.europesays.com\/se\/73816\/","title":{"rendered":"Nu sl\u00e5r monstertyfonen Kalmaegi\ntill mot Vietnam"},"content":{"rendered":"<p>Publicerad 6 nov 2025 kl 11.39Uppdaterad kl 12.41<\/p>\n<p>114 m\u00e4nniskor har d\u00f6tt i Filippinerna.<\/p>\n<p>Nu n\u00e4rmar sig tyfonen Kalmaegi Vietnam och landets v\u00e4dermyndighet varnar f\u00f6r \u201dextrema skyfall\u201d och v\u00e5gor som kan vara \u00e5tta meter h\u00f6ga.<\/p>\n<p>UD uppskattar att \u201dett 500-tal\u201d svenskar befinner sig i Vietnam.<\/p>\n<p><img   alt=\"\"\/><\/p>\n<p>Vid lunchtid svensk tid drog tyfonen in mot Vietnam.<\/p>\n<p>\u00d6ppna bild i helsk\u00e4rm<img loading=\"lazy\"   alt=\"\"\/><\/p>\n<p>F\u00f6r\u00f6delsen i Filippinerna efter Kalmaegis framfart.<\/p>\n<p>Foto: JUANITO ESPINOSA \/ EPA<\/p>\n<p>\u00d6ppna bild i helsk\u00e4rm<img loading=\"lazy\"   alt=\"\"\/><\/p>\n<p>Cebuprovinsen i Filippinerna drabbades h\u00e5rt.<\/p>\n<p>Foto: JACQUELINE HERNANDEZ \/ AP TT NYHETSBYR\u00c5N<\/p>\n<p>\u00d6ppna bild i helsk\u00e4rm<\/p>\n<p>Efter f\u00f6r\u00f6delsen i <a href=\"https:\/\/www.expressen.se\/tagg\/location\/filippinerna\/\" class=\"\" rel=\"nofollow noopener\" target=\"_blank\">Filippinerna<\/a> som kostade \u00f6ver 140 m\u00e4nniskor livet har tyfonen Kalmaegi slagit in p\u00e5 en v\u00e4g mot det sydostasiatiska fastlandet. Vid lunch p\u00e5 torsdagen svensk tid v\u00e4ntas den n\u00e5 Vietnam.<\/p>\n<p>Vietnamesiska myndigheter varnar f\u00f6r \u201dextrema skyfall\u201d och v\u00e5gor som kan n\u00e5 \u00e5tta meter.<\/p>\n<p>Tyfonen ber\u00e4knas dra in \u00f6ver delvis samma omr\u00e5den som drabbades v\u00e4rst av regnen, rapporterar nyhetsbyr\u00e5n EFE. N\u00e4stan 50 personer har bekr\u00e4ftats d\u00f6da i f\u00f6rra veckans \u00f6versv\u00e4mningar, som bland annat lade v\u00e4rldsarvsst\u00e4derna Hu\u00ea och Hoi An under vatten.<\/p>\n<p>Kalmaegis extremregn kan f\u00e5 redan \u00f6verfulla floder att brista och sv\u00e4mma \u00f6ver flera st\u00e4der, varnar myndigheterna nu.<\/p>\n<p>300 000 evakueras<\/p>\n<p>Sedan tyfonen drog vidare fr\u00e5n Filippinerna \u2013 d\u00e4r den sk\u00f6rdat l\u00e5ngt \u00f6ver 100 m\u00e4nniskoliv \u2013 har den \u00f6kat i styrka, men v\u00e4ntas mattas av n\u00e5got n\u00e4r den n\u00e5r Vietnam, trots det v\u00e4ntas vindar p\u00e5 \u00f6ver 45 meter i sekunden.<\/p>\n<p>P\u00e5 onsdagen uppmanade vice premi\u00e4rminister Tran Hong Ha lokala myndigheter i landet att betrakta stormen som \u201dbr\u00e5dskande och farlig\u201d och kallade Kalmaegi \u201den mycket onormal storm\u201d.<\/p>\n<p>Runt 300 000 m\u00e4nniskor har beordrats evakuering och omkring 200 000 soldater har mobiliserats f\u00f6r att hantera f\u00f6rberedelserna, enligt regeringen i Hanoi.<\/p>\n<p>UD:s uppmaning<\/p>\n<p>Svenska UD konstaterar p\u00e5 sin hemsida att det \u00e4r en r\u00f6d v\u00e4dervarning utf\u00e4rdad med anledning av Kalmaegi.<\/p>\n<p>Omr\u00e5dena kring Da Nang och Hue pekas ut som s\u00e4rskilt utsatta och alla ombeds f\u00f6lja uppmaningar fr\u00e5n myndigheter.<\/p>\n<p>UD uppskattar att det kan finnas \u201dett 500-tal svenskar\u201d i Vietnam, men brasklappar ocks\u00e5 att inte alla skriver upp sig p\u00e5 svensklistan.<\/p>\n","protected":false},"excerpt":{"rendered":"Publicerad 6 nov 2025 kl 11.39Uppdaterad kl 12.41 114 m\u00e4nniskor har d\u00f6tt i Filippinerna. Nu n\u00e4rmar sig tyfonen&hellip;\n","protected":false},"author":2,"featured_media":73817,"comment_status":"","ping_status":"","sticky":false,"template":"","format":"standard","meta":{"footnotes":""},"categories":[5],"tags":[22,23,26,27,17,21,24,25,6612,28,29,15,16,18,34,55,31,33,32,30,19,3377,290,20],"class_list":{"0":"post-73816","1":"post","2":"type-post","3":"status-publish","4":"format-standard","5":"has-post-thumbnail","7":"category-rubriker","8":"tag-breaking-news","9":"tag-breakingnews","10":"tag-featured-news","11":"tag-featurednews","12":"tag-headlines","13":"tag-huvudnyheter","14":"tag-latest-news","15":"tag-latestnews","16":"tag-location-filippinerna","17":"tag-main-news","18":"tag-mainnews","19":"tag-news","20":"tag-nyheter","21":"tag-rubriker","22":"tag-se","23":"tag-sections-varlden","24":"tag-svenska","25":"tag-sverige","26":"tag-sweden","27":"tag-swedish","28":"tag-top-stories","29":"tag-topic-oversvamning","30":"tag-topic-vaderprognos","31":"tag-topstories"},"share_on_mastodon":{"url":"https:\/\/pubeurope.com\/@se\/115503071492242689","error":""},"_links":{"self":[{"href":"https:\/\/www.europesays.com\/se\/wp-json\/wp\/v2\/posts\/73816","targetHints":{"allow":["GET"]}}],"collection":[{"href":"https:\/\/www.europesays.com\/se\/wp-json\/wp\/v2\/posts"}],"about":[{"href":"https:\/\/www.europesays.com\/se\/wp-json\/wp\/v2\/types\/post"}],"author":[{"embeddable":true,"href":"https:\/\/www.europesays.com\/se\/wp-json\/wp\/v2\/users\/2"}],"replies":[{"embeddable":true,"href":"https:\/\/www.europesays.com\/se\/wp-json\/wp\/v2\/comments?post=73816"}],"version-history":[{"count":0,"href":"https:\/\/www.europesays.com\/se\/wp-json\/wp\/v2\/posts\/73816\/revisions"}],"wp:featuredmedia":[{"embeddable":true,"href":"https:\/\/www.europesays.com\/se\/wp-json\/wp\/v2\/media\/73817"}],"wp:attachment":[{"href":"https:\/\/www.europesays.com\/se\/wp-json\/wp\/v2\/media?parent=73816"}],"wp:term":[{"taxonomy":"category","embeddable":true,"href":"https:\/\/www.europesays.com\/se\/wp-json\/wp\/v2\/categories?post=73816"},{"taxonomy":"post_tag","embeddable":true,"href":"https:\/\/www.europesays.com\/se\/wp-json\/wp\/v2\/tags?post=73816"}],"curies":[{"name":"wp","href":"https:\/\/api.w.org\/{rel}","templated":true}]}}