{"id":73913,"date":"2025-11-06T15:45:12","date_gmt":"2025-11-06T15:45:12","guid":{"rendered":"https:\/\/www.europesays.com\/se\/73913\/"},"modified":"2025-11-06T15:45:12","modified_gmt":"2025-11-06T15:45:12","slug":"elin-karlsson-vald-till-forste-vice-ordforande-i-lakarforbundet","status":"publish","type":"post","link":"https:\/\/www.europesays.com\/se\/73913\/","title":{"rendered":"Elin Karlsson vald till f\u00f6rste vice ordf\u00f6rande i L\u00e4karf\u00f6rbundet"},"content":{"rendered":"<p class=\"css-176tai e1uki5l82\"><strong>Elin Karlsson, \u00f6verl\u00e4kare i kirurgi<\/strong> vid S\u00f6dert\u00e4lje sjukhus och ordf\u00f6rande f\u00f6r Sjukhusl\u00e4karna sedan 2022, har valts till f\u00f6rste vice ordf\u00f6rande f\u00f6r L\u00e4karf\u00f6rbundet. Hon tar \u00f6ver efter Lars Rocks\u00e9n som <a href=\"https:\/\/www.dagensmedicin.se\/arbetsliv\/arbetsvillkor\/lars-rocksen-lakarforbundet-star-infor-ett-vagskal\/\" rel=\"nofollow noopener\" target=\"_blank\">ocks\u00e5 kandiderade till posten<\/a>. <\/p>\n<p class=\"css-176tai e1uki5l82\">Elin Karlsson kan komma att f\u00e5 ett stort inflytande \u00f6ver L\u00e4karf\u00f6rbundet det n\u00e4rmaste \u00e5ret. Nyligen stod det klart att nuvarande ordf\u00f6rande Sofia Rydgren Stale f\u00f6resl\u00e5s som ny ordf\u00f6rande f\u00f6r Saco. Beslut om det tas vid Sacos kongress den 12-13 november \u2013 en dryg vecka efter L\u00e4karf\u00f6rbundets fullm\u00e4ktige.<\/p>\n<p><img decoding=\"async\" alt=\"\" src=\"data:image\/svg+xml; utf8, %0A%20%20%3Csvg%20xmlns%3D%22http%3A%2F%2Fwww.w3.org%2F2000%2Fsvg%22%20width%3D%22960%22%20height%3D%22639%22%20style%3D%22background-color%3A%23F4F4F4%22%3E%0A%20%20%20%20%3Csvg%20xmlns%3D%22http%3A%2F%2Fwww.w3.org%2F2000%2Fsvg%22%0A%20%20%20%20%20%20x%3D%22468px%22%20y%3D%22307.5px%22%20width%3D%2224%22%20height%3D%2224%22%20stroke%3D%22%23DFDFDF%22%0A%20%20%20%20%20%20viewBox%3D%220%200%2024%2024%22%20fill%3D%22none%22%20stroke-width%3D%222%22%20stroke-linecap%3D%22round%22%20stroke-linejoin%3D%22round%22%20class%3D%22feather%20feather-image%22%3E%3Crect%20x%3D%223%22%20y%3D%223%22%20width%3D%2218%22%20height%3D%2218%22%20rx%3D%222%22%20ry%3D%222%22%3E%3C%2Frect%3E%3Ccircle%20cx%3D%228.5%22%20cy%3D%228.5%22%20r%3D%221.5%22%3E%3C%2Fcircle%3E%3Cpolyline%20points%3D%2221%2015%2016%2010%205%2021%22%3E%3C%2Fpolyline%3E%3C%2Fsvg%3E%0A%20%20%20%20%3C%2Fsvg%3E\" class=\"css-12su7i3 e9paczr0\"\/><\/p>\n<p class=\"css-u3rr24 e1uki5l80\">Lars Rocks\u00e9n hade g\u00e4rna fortsatt som andre vice ordf\u00f6rande. <\/p>\n<p class=\"css-u3rr24 e1uki5l80\">Foto: Mattias de Frumerie<\/p>\n<p class=\"css-176tai e1uki5l82\"><strong>Lars Rocks\u00e9n som nu kliver<\/strong> ur f\u00f6rbundsstyrelsen tar det hela med ro, men s\u00e4ger att han inte st\u00e4nger d\u00f6rren f\u00f6r att forts\u00e4tta arbeta fackligt p\u00e5 nationell niv\u00e5 i framtiden. <\/p>\n<p class=\"css-176tai e1uki5l82\">\u2013 Det k\u00e4nns tomt. Det \u00e4r ett stort beslut som har l\u00e4mnats \u00f6ver till ett demokratiskt forum, och d\u00e5 f\u00e5r man f\u00f6rh\u00e5lla sig till demokratin, s\u00e4ger han. <\/p>\n<p class=\"css-176tai e1uki5l82\">L\u00e4karf\u00f6rbundets ordf\u00f6rande Sofia Rydghren Stale tackade av Lars Rocks\u00e9n. <\/p>\n<p class=\"css-176tai e1uki5l82\">\u2013 Du har blivit en n\u00e4ra v\u00e4n, och jag \u00e4r evigt tacksam att jag har f\u00e5tt m\u00f6jlighet att l\u00e4ra k\u00e4nna dig under de h\u00e4r \u00e5ren, s\u00e4ger hon. <\/p>\n<p class=\"css-176tai e1uki5l82\">\u00c4ven Tina Crafoord l\u00e4mnade styrelsen efter att ha suttit i sex \u00e5r. <\/p>\n<p class=\"css-176tai e1uki5l82\">\u2013 Det h\u00e4r har varit fantastiska \u00e5r. Det har handlat v\u00e4ldigt mycket om ledarskapsfr\u00e5gor f\u00f6r mig. Jag b\u00f6rjade intressera mig f\u00f6r fackliga fr\u00e5gor utifr\u00e5n ett chefsperspektiv. Jag tycker att vi har kommit v\u00e4ldigt l\u00e5ngt de h\u00e4r \u00e5ren, s\u00e4ger hon. <\/p>\n<p>Nya- och omvalda ledam\u00f6ter vid \u00e5rets fullm\u00e4ktige<\/p>\n<p>Ledamot, omval:<strong>\u00a0Annika \u00d6stling<\/strong>, allm\u00e4nl\u00e4kare.<\/p>\n<p>Ledamot, omval:\u00a0<strong>Anna Rask Andersen<\/strong>, speciallist i klinisk fysiologi och yrkesmedicin.<\/p>\n<p>Ledamot, omval:\u00a0<strong>Christopher Lindholm<\/strong>, \u00f6verl\u00e4kare i anestesi och intensivv\u00e5rd.<\/p>\n<p>Ledamot, omval:\u00a0<strong>Gabriella Schanning<\/strong>, ST-l\u00e4kare i anestesi och intensivv\u00e5rd.<\/p>\n<p>Ledamot, nyval:\u00a0<strong>Julia Borg<\/strong>: specialist inom psykiatri.<\/p>\n<p>Ledamot, nyval:\u00a0<strong>Johan Gustafsson<\/strong>, \u00f6verl\u00e4kare inom radiologi.<\/p>\n<p class=\"css-176tai e1uki5l82\"><strong>L\u00e4s mer: <\/strong><\/p>\n<p class=\"css-176tai e1uki5l82\"><strong><a href=\"https:\/\/www.dagensmedicin.se\/opinion\/kommentar\/kommentar-turbulent-ar-hotar-efter-toppstrid-i-lakarforbundet\/\" rel=\"nofollow noopener\" target=\"_blank\">Kommentar: Turbulent \u00e5r hotar efter toppstrid i L\u00e4karf\u00f6rbundet<\/a><\/strong><\/p>\n<p class=\"css-176tai e1uki5l82\"><strong><a href=\"https:\/\/www.dagensmedicin.se\/arbetsliv\/arbetsvillkor\/lars-rocksen-lakarforbundet-star-infor-ett-vagskal\/\" rel=\"nofollow noopener\" target=\"_blank\">Lars Rocks\u00e9n: \u201dL\u00e4karf\u00f6rbundet st\u00e5r inf\u00f6r ett v\u00e4gsk\u00e4l\u201d<\/a><\/strong><\/p>\n<p class=\"css-176tai e1uki5l82\"><strong><a href=\"https:\/\/www.dagensmedicin.se\/arbetsliv\/personnytt\/hon-foreslas-som-forste-vice-ordforande-for-lakarforbundet\/\" rel=\"nofollow noopener\" target=\"_blank\">Hon f\u00f6resl\u00e5s som f\u00f6rste vice ordf\u00f6rande f\u00f6r L\u00e4karf\u00f6rbundet<\/a><\/strong><\/p>\n<p>Kommentarer<\/p>\n<p>Arbetar du i sjukv\u00e5rden och vill kommentera texten utifr\u00e5n din yrkesroll?<br \/>Klicka <a rel=\"noopener noreferrer nofollow\" target=\"_blank\" href=\"https:\/\/docs.google.com\/forms\/d\/e\/1FAIpQLSffxZDE1coKz-qKJnvxSysAsfgKl1gp7Fnt2oZLE2IoHR0LWQ\/viewform\">h\u00e4r<\/a>!<br \/>Kommentarer publiceras efter granskning.<\/p>\n","protected":false},"excerpt":{"rendered":"Elin Karlsson, \u00f6verl\u00e4kare i kirurgi vid S\u00f6dert\u00e4lje sjukhus och ordf\u00f6rande f\u00f6r Sjukhusl\u00e4karna sedan 2022, har valts till f\u00f6rste&hellip;\n","protected":false},"author":2,"featured_media":73914,"comment_status":"","ping_status":"","sticky":false,"template":"","format":"standard","meta":{"footnotes":""},"categories":[69],"tags":[113,112,34,31,33,32,30],"class_list":{"0":"post-73913","1":"post","2":"type-post","3":"status-publish","4":"format-standard","5":"has-post-thumbnail","7":"category-halsa","8":"tag-halsa","9":"tag-health","10":"tag-se","11":"tag-svenska","12":"tag-sverige","13":"tag-sweden","14":"tag-swedish"},"share_on_mastodon":{"url":"https:\/\/pubeurope.com\/@se\/115503531489804045","error":""},"_links":{"self":[{"href":"https:\/\/www.europesays.com\/se\/wp-json\/wp\/v2\/posts\/73913","targetHints":{"allow":["GET"]}}],"collection":[{"href":"https:\/\/www.europesays.com\/se\/wp-json\/wp\/v2\/posts"}],"about":[{"href":"https:\/\/www.europesays.com\/se\/wp-json\/wp\/v2\/types\/post"}],"author":[{"embeddable":true,"href":"https:\/\/www.europesays.com\/se\/wp-json\/wp\/v2\/users\/2"}],"replies":[{"embeddable":true,"href":"https:\/\/www.europesays.com\/se\/wp-json\/wp\/v2\/comments?post=73913"}],"version-history":[{"count":0,"href":"https:\/\/www.europesays.com\/se\/wp-json\/wp\/v2\/posts\/73913\/revisions"}],"wp:featuredmedia":[{"embeddable":true,"href":"https:\/\/www.europesays.com\/se\/wp-json\/wp\/v2\/media\/73914"}],"wp:attachment":[{"href":"https:\/\/www.europesays.com\/se\/wp-json\/wp\/v2\/media?parent=73913"}],"wp:term":[{"taxonomy":"category","embeddable":true,"href":"https:\/\/www.europesays.com\/se\/wp-json\/wp\/v2\/categories?post=73913"},{"taxonomy":"post_tag","embeddable":true,"href":"https:\/\/www.europesays.com\/se\/wp-json\/wp\/v2\/tags?post=73913"}],"curies":[{"name":"wp","href":"https:\/\/api.w.org\/{rel}","templated":true}]}}