{"id":73926,"date":"2025-11-06T15:59:15","date_gmt":"2025-11-06T15:59:15","guid":{"rendered":"https:\/\/www.europesays.com\/se\/73926\/"},"modified":"2025-11-06T15:59:15","modified_gmt":"2025-11-06T15:59:15","slug":"expressen-direkt-senaste-nytt-i-korthet-687","status":"publish","type":"post","link":"https:\/\/www.europesays.com\/se\/73926\/","title":{"rendered":"Expressen Direkt \u2013 senaste nytt i korthet"},"content":{"rendered":"<p>19 misst\u00e4nks arbetat illegalt p\u00e5 Stegra<\/p>\n<p>Under g\u00e5rdagen utf\u00f6rde Polisen, Arbetsmilj\u00f6verket och Skatteverket arbetsplatsinspektioner p\u00e5 Stegras st\u00e5lfabrik i Boden. Vid inspektionerna kontrollerades flera olika byggf\u00f6retag.\u00a0<\/p>\n<p>\u00d6ver hundra inre utl\u00e4nningskontroller genomf\u00f6rdes \u00a0och visade att 19 personer inte hade r\u00e4tt att arbeta och vistas i Sverige.<\/p>\n<p>\u2013 D\u00e5 detta g\u00e4ller brott mot utl\u00e4nningslagen, kommer vi att arbeta vidare f\u00f6r att verkst\u00e4lla avvisningsbeslut, s\u00e4ger Joakim Lundgren, gr\u00e4nspolisen i polisregion Nord i ett pressmeddelande.\u00a0<\/p>\n<p>Arbetsmilj\u00f6verkets kontroll av s\u00e4kerhetsarbetet vid anl\u00e4ggningen resulterade i att 16 av 17 f\u00f6retag med koppling till Stegra f\u00e5r krav p\u00e5 sig att \u00e5tg\u00e4rda brister i bland annat fallskydd, maskins\u00e4kerhet och hantering av kemikalier.\u00a0<\/p>\n<p>Stegra, som tidigare gick under namnet H2 Green Steel, grundades 2020 med m\u00e5let att producera vad som brukar kallas \u201dgr\u00f6nt st\u00e5l\u201d, det vill s\u00e4ga utifr\u00e5n fossilfria produktionsmetoder.\u00a0<\/p>\n<p>Under de senaste veckorna har flera medier rapporterat om Stregras ekonomiska problem. Bygget av st\u00e5lfabriken har dragit ut p\u00e5 tiden och kostnaderna \u00f6kat mer \u00e4n man r\u00e4knat med. D\u00e4rf\u00f6r har bolaget beslutat att ta in ytterligare tio miljarder i kapital.\u00a0<\/p>\n<p>Expressen\/TT<\/p>\n","protected":false},"excerpt":{"rendered":"19 misst\u00e4nks arbetat illegalt p\u00e5 Stegra Under g\u00e5rdagen utf\u00f6rde Polisen, Arbetsmilj\u00f6verket och Skatteverket arbetsplatsinspektioner p\u00e5 Stegras st\u00e5lfabrik i&hellip;\n","protected":false},"author":2,"featured_media":39,"comment_status":"","ping_status":"","sticky":false,"template":"","format":"standard","meta":{"footnotes":""},"categories":[12],"tags":[22,23,26,27,35,17,21,24,25,28,29,15,16,18,34,31,33,32,30,19,20],"class_list":{"0":"post-73926","1":"post","2":"type-post","3":"status-publish","4":"format-standard","5":"has-post-thumbnail","7":"category-sverige","8":"tag-breaking-news","9":"tag-breakingnews","10":"tag-featured-news","11":"tag-featurednews","12":"tag-function-ta-bort-ai-rost","13":"tag-headlines","14":"tag-huvudnyheter","15":"tag-latest-news","16":"tag-latestnews","17":"tag-main-news","18":"tag-mainnews","19":"tag-news","20":"tag-nyheter","21":"tag-rubriker","22":"tag-se","23":"tag-svenska","24":"tag-sverige","25":"tag-sweden","26":"tag-swedish","27":"tag-top-stories","28":"tag-topstories"},"share_on_mastodon":{"url":"https:\/\/pubeurope.com\/@se\/115503586654776405","error":""},"_links":{"self":[{"href":"https:\/\/www.europesays.com\/se\/wp-json\/wp\/v2\/posts\/73926","targetHints":{"allow":["GET"]}}],"collection":[{"href":"https:\/\/www.europesays.com\/se\/wp-json\/wp\/v2\/posts"}],"about":[{"href":"https:\/\/www.europesays.com\/se\/wp-json\/wp\/v2\/types\/post"}],"author":[{"embeddable":true,"href":"https:\/\/www.europesays.com\/se\/wp-json\/wp\/v2\/users\/2"}],"replies":[{"embeddable":true,"href":"https:\/\/www.europesays.com\/se\/wp-json\/wp\/v2\/comments?post=73926"}],"version-history":[{"count":0,"href":"https:\/\/www.europesays.com\/se\/wp-json\/wp\/v2\/posts\/73926\/revisions"}],"wp:featuredmedia":[{"embeddable":true,"href":"https:\/\/www.europesays.com\/se\/wp-json\/wp\/v2\/media\/39"}],"wp:attachment":[{"href":"https:\/\/www.europesays.com\/se\/wp-json\/wp\/v2\/media?parent=73926"}],"wp:term":[{"taxonomy":"category","embeddable":true,"href":"https:\/\/www.europesays.com\/se\/wp-json\/wp\/v2\/categories?post=73926"},{"taxonomy":"post_tag","embeddable":true,"href":"https:\/\/www.europesays.com\/se\/wp-json\/wp\/v2\/tags?post=73926"}],"curies":[{"name":"wp","href":"https:\/\/api.w.org\/{rel}","templated":true}]}}