{"id":73950,"date":"2025-11-06T16:46:14","date_gmt":"2025-11-06T16:46:14","guid":{"rendered":"https:\/\/www.europesays.com\/se\/73950\/"},"modified":"2025-11-06T16:46:14","modified_gmt":"2025-11-06T16:46:14","slug":"eu-forsvagar-sitt-nya-klimatmal-multala-tillfreds-med-kompromiss-hufvudstadsbladet-2","status":"publish","type":"post","link":"https:\/\/www.europesays.com\/se\/73950\/","title":{"rendered":"EU f\u00f6rsvagar sitt nya klimatm\u00e5l \u2013 Multala tillfreds med kompromiss \u2013 Hufvudstadsbladet"},"content":{"rendered":"<p>EU g\u00e5r in f\u00f6r en svagare klimatlag \u00e4n vad kommissionen f\u00f6reslagit. S\u00e5 blir det d\u00e5 en del av Europas klimatarbete l\u00e4ggs ut p\u00e5 andra kontinenter. <\/p>\n<p><img loading=\"lazy\" decoding=\"async\" width=\"980\" height=\"551\" class=\"article-image article-image--featured\" alt=\"Finlands klimatminister Sari Multalas st\u00e5ndpunkt vann inte geh\u00f6r p\u00e5 ministerr\u00e5det i Bryssel.\" src=\"https:\/\/www.europesays.com\/se\/wp-content\/uploads\/2025\/11\/1762447574_388_4bb3783b-9db6-48d2-88ba-29dc354efea3.jpg\"  \/><a class=\"article__lightbox-link\" href=\"https:\/\/static.bonniernews.se\/ba\/4bb3783b-9db6-48d2-88ba-29dc354efea3.jpg?crop=3840%2C2160%2Cx0%2Cy0&amp;width=1400&amp;format=pjpg&amp;auto=avif\" data-pswp-width=\"1400\" data-pswp-height=\"788\" data-pswp-caption=\"Finlands klimatminister Sari Multalas st\u00e5ndpunkt vann inte geh\u00f6r p\u00e5 ministerr\u00e5det i Bryssel. Bild: Nicolas Tucat\/Lehtikuva\u2013AFP\" data-pswp- rel=\"nofollow noopener\" target=\"_blank\">\u00d6ppna bild i helsk\u00e4rmsl\u00e4ge<\/a><\/p>\n<p class=\"txt-style-muted\" aria-hidden=\"true\">Finlands klimatminister Sari Multalas st\u00e5ndpunkt vann inte geh\u00f6r p\u00e5 ministerr\u00e5det i Bryssel.<\/p>\n<p class=\"article__figcaption-attribution txt-style-muted\">Bild: Nicolas Tucat\/Lehtikuva\u2013AFP<\/p>\n<p>Tv\u00e5 \u00e5rs f\u00f6rhandlingar utmynnade i ett maratonm\u00f6te natten till onsdagen. Efter 18 timmars f\u00f6rhandlingar kompromissade EU:s milj\u00f6ministrar fram ett klimatm\u00e5l till 2040. M\u00e5let ska skrivas in i EU:s klimatlag och binda unionens medlemsl\u00e4nder.<\/p>\n<p>Kommissionen hade f\u00f6reslagit att EU ska minska sina nettoutsl\u00e4pp med minst 90 procent till 2040. Siffran kvarst\u00e5r i uppg\u00f6relsen, men bara p\u00e5 rubrikniv\u00e5.<\/p>\n<p aria-disabled=\"true\" class=\"ad__preamble ad-text txt-style-muted txt-ui txt-ui--strong txt-ui-2\">Annons<\/p>\n<p>Nu blir det \u2013 tv\u00e4rtemot Finlands vilja \u2013 s\u00e5 att 5 procentenheter av den totala minskningen f\u00e5r ske i form av \u00e5tg\u00e4rder som verkst\u00e4lls p\u00e5 andra kontinenter.<\/p>\n<p>\u201dJag \u00e4r n\u00f6jd med att vi hittade en samsyn efter ytterst sv\u00e5ra f\u00f6rhandlingar. Viktigast \u00e4r att m\u00e5let om en 90 procents minskning av nettoutsl\u00e4ppen f\u00f6rblir en central del av den nya klimatlagen\u201d, s\u00e4ger Finlands klimatminister <strong>Sari Multala<\/strong> (Saml) i ett uttalande.<\/p>\n<p aria-disabled=\"true\" class=\"ad__preamble ad-text txt-style-muted txt-ui txt-ui--strong txt-ui-2\">Annons<\/p>\n<p>Hon noterar att m\u00e5nga detaljer beh\u00f6ver klarg\u00f6ras senare.<\/p>\n<p><strong>Italien och Polen<\/strong> h\u00f6rde till de l\u00e4nder som drog \u00e5t andra h\u00e5llet. De kr\u00e4vde bland annat att upp till 10 procent av minskningen skulle ha kunnat verkst\u00e4llas utanf\u00f6r EU.<\/p>\n<p>Ytterligare uppluckringar i milj\u00f6r\u00e5dets kompromiss \u00e4r att utsl\u00e4ppshandeln f\u00f6r trafiken skjuts upp med ett \u00e5r. Vidare ska kommissionen kunna se \u00f6ver 2040-m\u00e5let om EU:s skogar visar sig binda mindre koldioxid \u00e4n man r\u00e4knat med.<\/p>\n<p><img decoding=\"async\" width=\"640\" height=\"427\" class=\"article-image article-image--unbound\" alt=\"Medlemsl\u00e4nderna k\u00f6rde \u00f6ver EU:s klimatkommission\u00e4r Wopke Hoekstra p\u00e5 milj\u00f6r\u00e5dets maratonm\u00f6te i Bryssel.\" src=\"https:\/\/www.europesays.com\/se\/wp-content\/uploads\/2025\/11\/1762447574_334_6002a41a-ba20-4990-a00e-f20a5005c383.jpg\"   loading=\"lazy\"\/><a class=\"article__lightbox-link\" href=\"https:\/\/static.bonniernews.se\/ba\/6002a41a-ba20-4990-a00e-f20a5005c383.jpg?width=1400&amp;format=pjpg&amp;auto=avif\" data-pswp-width=\"1400\" data-pswp-height=\"933\" data-pswp-caption=\"Medlemsl\u00e4nderna k\u00f6rde \u00f6ver EU:s klimatkommission\u00e4r Wopke Hoekstra p\u00e5 milj\u00f6r\u00e5dets maratonm\u00f6te i Bryssel. Bild: Nicolas Tucat\/Lehtikuva\u2013AFP\" data-pswp- rel=\"nofollow noopener\" target=\"_blank\">\u00d6ppna bild i helsk\u00e4rmsl\u00e4ge<\/a><\/p>\n<p class=\"txt-style-muted\" aria-hidden=\"true\">Medlemsl\u00e4nderna k\u00f6rde \u00f6ver EU:s klimatkommission\u00e4r Wopke Hoekstra p\u00e5 milj\u00f6r\u00e5dets maratonm\u00f6te i Bryssel.<\/p>\n<p class=\"article__figcaption-attribution txt-style-muted\">Bild: Nicolas Tucat\/Lehtikuva\u2013AFP<\/p>\n<p>Parlamentet ska ytterligare s\u00e4ga sitt innan kommissionen, parlamentet och medlemsl\u00e4nderna slipar detaljerna i klimatlagen.<\/p>\n<p>EU var tvunget att enas om ett 2040-m\u00e5l p\u00e5 onsdagen eftersom unionen hade br\u00e5tt att h\u00e4rleda ett 2035-m\u00e5l ur det innan FN:s klimattoppm\u00f6te inleds i Brasilien p\u00e5 torsdag. EU:s klimatl\u00f6fte till FN \u00e4r att minska utsl\u00e4ppen med 66,25\u201372,5 procent till 2035.<\/p>\n<p>Enligt Sari Multala var det en trov\u00e4rdighetsfr\u00e5ga att EU kunde f\u00e5 till sitt officiella klimatl\u00f6fte till FN f\u00f6re toppm\u00f6tet i Brasilien.<\/p>\n<p aria-disabled=\"true\" class=\"ad__preamble ad-text txt-style-muted txt-ui txt-ui--strong txt-ui-2\">Annons<\/p>\n<p><strong>Den europeiska klimatr\u00f6relsens<\/strong> paraplyorganisation CAN betecknar milj\u00f6r\u00e5dets uppg\u00f6relse som en besvikelse. Att 5 procentenheter av klimatarbetet f\u00e5r g\u00f6ras externt kommer att minska de finansiella satsningarna f\u00f6r att avveckla unionens eget fossilberoende, enligt CAN-chefen <strong>Sven Harmeling<\/strong>.<\/p>\n<p>\u201dMed den h\u00e4r ambitionsniv\u00e5n lever EU inte upp till sitt ansvar och sin f\u00f6rm\u00e5ga att seri\u00f6st ta tag i klimatkrisen\u201d, s\u00e4ger han i ett uttalande.<\/p>\n","protected":false},"excerpt":{"rendered":"EU g\u00e5r in f\u00f6r en svagare klimatlag \u00e4n vad kommissionen f\u00f6reslagit. S\u00e5 blir det d\u00e5 en del av&hellip;\n","protected":false},"author":2,"featured_media":73352,"comment_status":"","ping_status":"","sticky":false,"template":"","format":"standard","meta":{"footnotes":""},"categories":[14],"tags":[22,23,26,27,17,21,24,25,28,29,15,16,18,34,31,33,32,30,19,20,51,52,53,54],"class_list":{"0":"post-73950","1":"post","2":"type-post","3":"status-publish","4":"format-standard","5":"has-post-thumbnail","7":"category-varlden","8":"tag-breaking-news","9":"tag-breakingnews","10":"tag-featured-news","11":"tag-featurednews","12":"tag-headlines","13":"tag-huvudnyheter","14":"tag-latest-news","15":"tag-latestnews","16":"tag-main-news","17":"tag-mainnews","18":"tag-news","19":"tag-nyheter","20":"tag-rubriker","21":"tag-se","22":"tag-svenska","23":"tag-sverige","24":"tag-sweden","25":"tag-swedish","26":"tag-top-stories","27":"tag-topstories","28":"tag-varlden","29":"tag-world","30":"tag-world-news","31":"tag-worldnews"},"share_on_mastodon":{"url":"https:\/\/pubeurope.com\/@se\/115503771546365757","error":""},"_links":{"self":[{"href":"https:\/\/www.europesays.com\/se\/wp-json\/wp\/v2\/posts\/73950","targetHints":{"allow":["GET"]}}],"collection":[{"href":"https:\/\/www.europesays.com\/se\/wp-json\/wp\/v2\/posts"}],"about":[{"href":"https:\/\/www.europesays.com\/se\/wp-json\/wp\/v2\/types\/post"}],"author":[{"embeddable":true,"href":"https:\/\/www.europesays.com\/se\/wp-json\/wp\/v2\/users\/2"}],"replies":[{"embeddable":true,"href":"https:\/\/www.europesays.com\/se\/wp-json\/wp\/v2\/comments?post=73950"}],"version-history":[{"count":0,"href":"https:\/\/www.europesays.com\/se\/wp-json\/wp\/v2\/posts\/73950\/revisions"}],"wp:featuredmedia":[{"embeddable":true,"href":"https:\/\/www.europesays.com\/se\/wp-json\/wp\/v2\/media\/73352"}],"wp:attachment":[{"href":"https:\/\/www.europesays.com\/se\/wp-json\/wp\/v2\/media?parent=73950"}],"wp:term":[{"taxonomy":"category","embeddable":true,"href":"https:\/\/www.europesays.com\/se\/wp-json\/wp\/v2\/categories?post=73950"},{"taxonomy":"post_tag","embeddable":true,"href":"https:\/\/www.europesays.com\/se\/wp-json\/wp\/v2\/tags?post=73950"}],"curies":[{"name":"wp","href":"https:\/\/api.w.org\/{rel}","templated":true}]}}