{"id":73955,"date":"2025-11-06T16:55:23","date_gmt":"2025-11-06T16:55:23","guid":{"rendered":"https:\/\/www.europesays.com\/se\/73955\/"},"modified":"2025-11-06T16:55:23","modified_gmt":"2025-11-06T16:55:23","slug":"kvinna-misstanks-for-falskt-larm","status":"publish","type":"post","link":"https:\/\/www.europesays.com\/se\/73955\/","title":{"rendered":"Kvinna misst\u00e4nks f\u00f6r falskt larm"},"content":{"rendered":"<p class=\"boxtextgrotesk-root_baa6 hyperion-css-7pajle\">Publicerad 2025-11-05 15.29<\/p>\n<p>share-arrowDela<\/p>\n<p>unsaveSpara<\/p>\n<p>expand-left<\/p>\n<p>helsk\u00e4rm<img decoding=\"async\" class=\"image-asset hyperion-css-u06ts1\" data-test-tag=\"image-asset\" src=\"https:\/\/www.europesays.com\/se\/wp-content\/uploads\/2025\/11\/6a6fab3a-5481-4065-90c3-e5584bb0df8e\"  alt=\"Polis och kriminaltekniker p\u00e5 plats p\u00e5 vid Pildammsparken i Malm\u00f6.\"  loading=\"eager\" fetchpriority=\"high\" style=\"aspect-ratio:1900 \/ 1267\"\/>Polis och kriminaltekniker p\u00e5 plats p\u00e5 vid Pildammsparken i Malm\u00f6. Foto: Johan Nilsson\/TT<\/p>\n<p class=\"hyperion-css-1shl3oz\" data-test-tag=\"lead-text\">En ung kvinna slog larm efter att hon k\u00e4nt sig f\u00f6rf\u00f6ljd i en park i Malm\u00f6. Nu uppger \u00c5klagarmyndigheten att kvinnan \u00e4r misst\u00e4nkt f\u00f6r falskt larm.<\/p>\n<p class=\"hyperion-css-1v9qo5x\">Det var vid 19-tiden fredagen den 24 oktober som polis larmades till Pildammsparken, som \u00e4r Malm\u00f6s st\u00f6rsta p\u00e5 45 hektar. Delar av parken sp\u00e4rrades av och en stor polisinsats drog i g\u00e5ng.<\/p>\n<p class=\"hyperion-css-1v9qo5x\">H\u00e4ndelsen utreddes initialt som en misst\u00e4nkt \u00f6verfallsv\u00e5ldtakt.<\/p>\n<p class=\"hyperion-css-1v9qo5x\">Enligt myndigheten har det i efterhand framkommit uppgifter som g\u00f6r att det finns sk\u00e4l att misst\u00e4nka att uppgifterna i larmsamtalet varit falska.<\/p>\n<p class=\"hyperion-css-1v9qo5x\">Brottet bed\u00f6ms vara grovt.<\/p>\n","protected":false},"excerpt":{"rendered":"Publicerad 2025-11-05 15.29 share-arrowDela unsaveSpara expand-left helsk\u00e4rmPolis och kriminaltekniker p\u00e5 plats p\u00e5 vid Pildammsparken i Malm\u00f6. Foto: Johan&hellip;\n","protected":false},"author":2,"featured_media":73956,"comment_status":"","ping_status":"","sticky":false,"template":"","format":"standard","meta":{"footnotes":""},"categories":[12],"tags":[22,23,26,27,17,21,24,25,28,29,15,16,18,34,31,33,32,30,19,20],"class_list":{"0":"post-73955","1":"post","2":"type-post","3":"status-publish","4":"format-standard","5":"has-post-thumbnail","7":"category-sverige","8":"tag-breaking-news","9":"tag-breakingnews","10":"tag-featured-news","11":"tag-featurednews","12":"tag-headlines","13":"tag-huvudnyheter","14":"tag-latest-news","15":"tag-latestnews","16":"tag-main-news","17":"tag-mainnews","18":"tag-news","19":"tag-nyheter","20":"tag-rubriker","21":"tag-se","22":"tag-svenska","23":"tag-sverige","24":"tag-sweden","25":"tag-swedish","26":"tag-top-stories","27":"tag-topstories"},"share_on_mastodon":{"url":"https:\/\/pubeurope.com\/@se\/115503807010357891","error":""},"_links":{"self":[{"href":"https:\/\/www.europesays.com\/se\/wp-json\/wp\/v2\/posts\/73955","targetHints":{"allow":["GET"]}}],"collection":[{"href":"https:\/\/www.europesays.com\/se\/wp-json\/wp\/v2\/posts"}],"about":[{"href":"https:\/\/www.europesays.com\/se\/wp-json\/wp\/v2\/types\/post"}],"author":[{"embeddable":true,"href":"https:\/\/www.europesays.com\/se\/wp-json\/wp\/v2\/users\/2"}],"replies":[{"embeddable":true,"href":"https:\/\/www.europesays.com\/se\/wp-json\/wp\/v2\/comments?post=73955"}],"version-history":[{"count":0,"href":"https:\/\/www.europesays.com\/se\/wp-json\/wp\/v2\/posts\/73955\/revisions"}],"wp:featuredmedia":[{"embeddable":true,"href":"https:\/\/www.europesays.com\/se\/wp-json\/wp\/v2\/media\/73956"}],"wp:attachment":[{"href":"https:\/\/www.europesays.com\/se\/wp-json\/wp\/v2\/media?parent=73955"}],"wp:term":[{"taxonomy":"category","embeddable":true,"href":"https:\/\/www.europesays.com\/se\/wp-json\/wp\/v2\/categories?post=73955"},{"taxonomy":"post_tag","embeddable":true,"href":"https:\/\/www.europesays.com\/se\/wp-json\/wp\/v2\/tags?post=73955"}],"curies":[{"name":"wp","href":"https:\/\/api.w.org\/{rel}","templated":true}]}}