{"id":73959,"date":"2025-11-06T17:05:21","date_gmt":"2025-11-06T17:05:21","guid":{"rendered":"https:\/\/www.europesays.com\/se\/73959\/"},"modified":"2025-11-06T17:05:21","modified_gmt":"2025-11-06T17:05:21","slug":"krimrummet-micke-leijnegard-och-fyllepussarna","status":"publish","type":"post","link":"https:\/\/www.europesays.com\/se\/73959\/","title":{"rendered":"Krimrummet: Micke Leijnegard och fyllepussarna"},"content":{"rendered":"<p>SVT:s programledare Micke Leijnegard blev bortplockad ur rutan efter att han fyllepussat en kvinnlig kollega p\u00e5 en efterfest under \u201dM\u00e4starnas m\u00e4stare\u201d.<\/p>\n<p>I veckans avsnitt av podden Krimrummet g\u00e5r vi igenom hela r\u00e4ttsfallet \u2013 och lyssnar p\u00e5 Leijnegards egna ord i r\u00e4tten:<\/p>\n<p>\u2013 Jag tar n\u00e5gra kliv fram och ger henne en sm\u00e4llpuss p\u00e5 munnen, ber\u00e4ttade han i sitt f\u00f6rh\u00f6r och avslutade:<br \/>\u2013 Och sen den stunden har jag inte en enda g\u00e5ng under det h\u00e4r dryga \u00e5ret lyckats grubbla mig fram till vad som \u00e4r problemet.<\/p>\n<p>Lyssna p\u00e5 hela avsnittet av Krimrummet i spelaren nedan.<\/p>\n<p><img   alt=\"\"\/><\/p>\n<p>Micke Leijnegard p\u00e5 plats i Stockholms tingsr\u00e4tt i samband med r\u00e4tteg\u00e5ngen.<\/p>\n<p>Foto: LISA MATTISSON<\/p>\n<p>\u00d6ppna bild i helsk\u00e4rm<img loading=\"lazy\"   alt=\"\"\/><\/p>\n<p>Micke Leijnegard programledde tittarsucc\u00e9n M\u00e4starnas m\u00e4stare i 17 s\u00e4songer.<\/p>\n<p>Foto: OLLE SPORRONG<\/p>\n<p>\u00d6ppna bild i helsk\u00e4rm<img loading=\"lazy\"   alt=\"\"\/>\u00d6ppna bild i helsk\u00e4rm<\/p>\n","protected":false},"excerpt":{"rendered":"SVT:s programledare Micke Leijnegard blev bortplockad ur rutan efter att han fyllepussat en kvinnlig kollega p\u00e5 en efterfest&hellip;\n","protected":false},"author":2,"featured_media":73960,"comment_status":"","ping_status":"","sticky":false,"template":"","format":"standard","meta":{"footnotes":""},"categories":[5],"tags":[22,23,26,27,17,21,24,25,28,29,15,1152,16,1735,1520,1736,18,34,1150,31,33,32,30,19,1242,20],"class_list":{"0":"post-73959","1":"post","2":"type-post","3":"status-publish","4":"format-standard","5":"has-post-thumbnail","7":"category-rubriker","8":"tag-breaking-news","9":"tag-breakingnews","10":"tag-featured-news","11":"tag-featurednews","12":"tag-headlines","13":"tag-huvudnyheter","14":"tag-latest-news","15":"tag-latestnews","16":"tag-main-news","17":"tag-mainnews","18":"tag-news","19":"tag-newsstory-krimrummet","20":"tag-nyheter","21":"tag-organization-mastarnas-mastare","22":"tag-organization-stockholms-tingsratt","23":"tag-person-micke-leijnegard","24":"tag-rubriker","25":"tag-se","26":"tag-sections-krimrummet","27":"tag-svenska","28":"tag-sverige","29":"tag-sweden","30":"tag-swedish","31":"tag-top-stories","32":"tag-topic-sexualbrott","33":"tag-topstories"},"share_on_mastodon":{"url":"https:\/\/pubeurope.com\/@se\/115503846064819164","error":""},"_links":{"self":[{"href":"https:\/\/www.europesays.com\/se\/wp-json\/wp\/v2\/posts\/73959","targetHints":{"allow":["GET"]}}],"collection":[{"href":"https:\/\/www.europesays.com\/se\/wp-json\/wp\/v2\/posts"}],"about":[{"href":"https:\/\/www.europesays.com\/se\/wp-json\/wp\/v2\/types\/post"}],"author":[{"embeddable":true,"href":"https:\/\/www.europesays.com\/se\/wp-json\/wp\/v2\/users\/2"}],"replies":[{"embeddable":true,"href":"https:\/\/www.europesays.com\/se\/wp-json\/wp\/v2\/comments?post=73959"}],"version-history":[{"count":0,"href":"https:\/\/www.europesays.com\/se\/wp-json\/wp\/v2\/posts\/73959\/revisions"}],"wp:featuredmedia":[{"embeddable":true,"href":"https:\/\/www.europesays.com\/se\/wp-json\/wp\/v2\/media\/73960"}],"wp:attachment":[{"href":"https:\/\/www.europesays.com\/se\/wp-json\/wp\/v2\/media?parent=73959"}],"wp:term":[{"taxonomy":"category","embeddable":true,"href":"https:\/\/www.europesays.com\/se\/wp-json\/wp\/v2\/categories?post=73959"},{"taxonomy":"post_tag","embeddable":true,"href":"https:\/\/www.europesays.com\/se\/wp-json\/wp\/v2\/tags?post=73959"}],"curies":[{"name":"wp","href":"https:\/\/api.w.org\/{rel}","templated":true}]}}