{"id":73961,"date":"2025-11-06T17:13:16","date_gmt":"2025-11-06T17:13:16","guid":{"rendered":"https:\/\/www.europesays.com\/se\/73961\/"},"modified":"2025-11-06T17:13:16","modified_gmt":"2025-11-06T17:13:16","slug":"nytt-land-storsatsar-i-sverige-hyllorna-fylls-pa-ica-och-coop","status":"publish","type":"post","link":"https:\/\/www.europesays.com\/se\/73961\/","title":{"rendered":"Nytt land storsatsar i Sverige \u2013 hyllorna fylls p\u00e5 ICA och Coop"},"content":{"rendered":"<p>Nytt land storsatsar i Sverige \u2013 hyllorna fylls p\u00e5 ICA och Coop<\/p>\n<p><strong>Ica och Coop lanserar en historisk satsning. <\/strong><\/p>\n<p>F\u00f6r f\u00f6rsta g\u00e5ngen kommer matj\u00e4ttarnas butikshyllor att fyllas med varor fr\u00e5n Ukraina.<\/p>\n<p>Initiativet \u00e4r ett samarbete mellan Kommerskollegiums importfr\u00e4mjande verksamhet Open Trade Gate Sweden, Svensk Handel, Arvid Nordquist, ICA och Coop.\u00a0<\/p>\n<p>\u2013 Nu lanseras en rad ukrainska livsmedel i svenska livsmedelsbutiker i\u00a0ett samarbete mellan ukrainska f\u00f6retagare, svenska distribut\u00f6rer, matbutiker och myndigheter, framh\u00e5ller Kommerskollegium i ett uttalande.<\/p>\n<p><strong>\u201dGer svenska kunder \u00f6kad m\u00f6jlighet\u201d \u00a0<\/strong><\/p>\n<p>Bist\u00e5nd- och utrikeshandelsminister Benjamin Dousa kommer att delta n\u00e4r storsatsningen lanseras p\u00e5 Ica Kvantum Kungsholmen i Stockholm den 10 november. \u00a0<\/p>\n<p>Representanter fr\u00e5n Ica, Coop, Kommerskollegium, Svensk Handel, och en rad ukrainska producenter kommer ocks\u00e5 att n\u00e4rvara.\u00a0<\/p>\n<p>\u2013 Vi vill med detta initiativ g\u00f6ra en insats f\u00f6r att g\u00f6ra det enklare f\u00f6r ukrainska livsmedelsf\u00f6retag att n\u00e5 den svenska marknaden och d\u00e4rigenom bidra till en l\u00e5ngsiktig ekonomisk utveckling i Ukraina, samtidigt som vi ger svenska kunder \u00f6kad m\u00f6jlighet att k\u00f6pa ukrainska produkter, s\u00e4ger Eric Lundberg, vd Ica Sverige, i ett uttalande.<\/p>\n<p><strong>Exempel p\u00e5 produkter <\/strong><\/p>\n<p>H\u00e4r \u00e4r n\u00e5gra exempel p\u00e5 ukrainska produkter som kommer att dyka upp p\u00e5 Ica och Coop:<\/p>\n<p>&#8211; Frystorkade b\u00e4r och frukter<\/p>\n<p>&#8211; Smaksatta popcorn<\/p>\n<p>&#8211; Ostsnacks<\/p>\n<p>&#8211; Naturgodis<\/p>\n<p>&#8211; Matlagningsoljor<\/p>\n<p>Enligt Kommerskollegium \u00e4r produkterna noggrant utvalda.<\/p>\n<p>\u2013 Produkterna har valts ut f\u00f6r att vara relevanta p\u00e5 den svenska marknaden, b\u00e5de vad g\u00e4ller smak, h\u00e5llbarhet och prisbild, framh\u00e5ller myndigheten.<\/p>\n<p>L\u00c4S MER: <a style=\"color: #0000ff;\" href=\"https:\/\/ekonomibladet.se\/helt-ny-svensk-cola-kommer-till-affaren\/\" rel=\"nofollow noopener\" target=\"_blank\">Helt ny svensk cola kommer till aff\u00e4ren\u00a0<\/a><\/p>\n<p><strong>Tre delar<\/strong><\/p>\n<p>Regeringen har tidigare meddelat att storsatsningen inneh\u00e5ller tre delar:<\/p>\n<p>&#8211; ett snabbsp\u00e5r f\u00f6r ukrainska leverant\u00f6rer<\/p>\n<p>&#8211; s\u00e4rskild marknadsf\u00f6ring av ukrainska produkter<\/p>\n<p>&#8211; donationer av utrustning som till exempel kyllastbilar fr\u00e5n svenska matkedjor till Ukraina<\/p>\n<p>L\u00c4S OCKS\u00c5: <a style=\"color: #0000ff;\" href=\"https:\/\/ekonomibladet.se\/matjatte-sanker-priserna-men-inte-for-alla\/\" rel=\"nofollow noopener\" target=\"_blank\">Matj\u00e4tte s\u00e4nker priserna \u2013 men inte f\u00f6r alla<\/a><\/p>\n<p>Foto: Ica Gruppen resp Coop Sverige<\/p>\n<p>Text: Redaktionen<\/p>\n","protected":false},"excerpt":{"rendered":"Nytt land storsatsar i Sverige \u2013 hyllorna fylls p\u00e5 ICA och Coop Ica och Coop lanserar en historisk&hellip;\n","protected":false},"author":2,"featured_media":73962,"comment_status":"","ping_status":"","sticky":false,"template":"","format":"standard","meta":{"footnotes":""},"categories":[5],"tags":[22,23,26,27,17,21,24,25,28,29,15,16,18,34,31,33,32,30,19,20],"class_list":{"0":"post-73961","1":"post","2":"type-post","3":"status-publish","4":"format-standard","5":"has-post-thumbnail","7":"category-rubriker","8":"tag-breaking-news","9":"tag-breakingnews","10":"tag-featured-news","11":"tag-featurednews","12":"tag-headlines","13":"tag-huvudnyheter","14":"tag-latest-news","15":"tag-latestnews","16":"tag-main-news","17":"tag-mainnews","18":"tag-news","19":"tag-nyheter","20":"tag-rubriker","21":"tag-se","22":"tag-svenska","23":"tag-sverige","24":"tag-sweden","25":"tag-swedish","26":"tag-top-stories","27":"tag-topstories"},"share_on_mastodon":{"url":"https:\/\/pubeurope.com\/@se\/115503877494059944","error":""},"_links":{"self":[{"href":"https:\/\/www.europesays.com\/se\/wp-json\/wp\/v2\/posts\/73961","targetHints":{"allow":["GET"]}}],"collection":[{"href":"https:\/\/www.europesays.com\/se\/wp-json\/wp\/v2\/posts"}],"about":[{"href":"https:\/\/www.europesays.com\/se\/wp-json\/wp\/v2\/types\/post"}],"author":[{"embeddable":true,"href":"https:\/\/www.europesays.com\/se\/wp-json\/wp\/v2\/users\/2"}],"replies":[{"embeddable":true,"href":"https:\/\/www.europesays.com\/se\/wp-json\/wp\/v2\/comments?post=73961"}],"version-history":[{"count":0,"href":"https:\/\/www.europesays.com\/se\/wp-json\/wp\/v2\/posts\/73961\/revisions"}],"wp:featuredmedia":[{"embeddable":true,"href":"https:\/\/www.europesays.com\/se\/wp-json\/wp\/v2\/media\/73962"}],"wp:attachment":[{"href":"https:\/\/www.europesays.com\/se\/wp-json\/wp\/v2\/media?parent=73961"}],"wp:term":[{"taxonomy":"category","embeddable":true,"href":"https:\/\/www.europesays.com\/se\/wp-json\/wp\/v2\/categories?post=73961"},{"taxonomy":"post_tag","embeddable":true,"href":"https:\/\/www.europesays.com\/se\/wp-json\/wp\/v2\/tags?post=73961"}],"curies":[{"name":"wp","href":"https:\/\/api.w.org\/{rel}","templated":true}]}}