{"id":73964,"date":"2025-11-06T17:19:10","date_gmt":"2025-11-06T17:19:10","guid":{"rendered":"https:\/\/www.europesays.com\/se\/73964\/"},"modified":"2025-11-06T17:19:10","modified_gmt":"2025-11-06T17:19:10","slug":"hamas-ar-inte-besegrat-tvartom-magnus-ranstorp","status":"publish","type":"post","link":"https:\/\/www.europesays.com\/se\/73964\/","title":{"rendered":"Hamas \u00e4r inte besegrat \u2013 tv\u00e4rtom | Magnus Ranstorp"},"content":{"rendered":"<p>Det h\u00e4r \u00e4r en text fr\u00e5n SvD Ledare. Ledarredaktionen \u00e4r partipolitiskt oavh\u00e4ngig med beteckningen obunden moderat.<\/p>\n<p>Skr\u00e4ckscenerna fr\u00e5n<a href=\"https:\/\/www.parallelparliament.co.uk\/files\/appg_documents\/israel\/7OctoberParliamentaryCommissionReport-TheRobertsReport.pdf\" target=\"_blank\" rel=\"noopener noreferrer nofollow\"> terrormassakern<\/a> har etsat sig fast i mig. Jag s\u00e5g de flesta mobil- och Go Pro-filmerna fr\u00e5n Hamas den 7 oktober. Jag beh\u00f6vde se dem f\u00f6r min bok \u2013 f\u00f6r att kunna skildra det, f\u00f6r att inte gl\u00f6mma. Kropparna bakom baren p\u00e5 festivalen. I Migunit, det lilla betongskjulet d\u00e4r 25\u201330 ungdomar pressats in \u2013 och d\u00e4r Hamas sk\u00f6t rakt in i den hopkurade gruppen, kastade in handgranater och fortsatte att slakta. Sexuellt v\u00e5ld. Sammanbundna br\u00e4nda kroppar, fastsurrade med st\u00e5ltr\u00e5d. Det \u00e4r bilder som aldrig kommer l\u00e4mna mig.<\/p>\n","protected":false},"excerpt":{"rendered":"Det h\u00e4r \u00e4r en text fr\u00e5n SvD Ledare. Ledarredaktionen \u00e4r partipolitiskt oavh\u00e4ngig med beteckningen obunden moderat. Skr\u00e4ckscenerna fr\u00e5n&hellip;\n","protected":false},"author":2,"featured_media":73965,"comment_status":"","ping_status":"","sticky":false,"template":"","format":"standard","meta":{"footnotes":""},"categories":[14],"tags":[22,23,26,27,17,21,24,25,28,29,15,16,18,34,31,33,32,30,19,20,51,52,53,54],"class_list":{"0":"post-73964","1":"post","2":"type-post","3":"status-publish","4":"format-standard","5":"has-post-thumbnail","7":"category-varlden","8":"tag-breaking-news","9":"tag-breakingnews","10":"tag-featured-news","11":"tag-featurednews","12":"tag-headlines","13":"tag-huvudnyheter","14":"tag-latest-news","15":"tag-latestnews","16":"tag-main-news","17":"tag-mainnews","18":"tag-news","19":"tag-nyheter","20":"tag-rubriker","21":"tag-se","22":"tag-svenska","23":"tag-sverige","24":"tag-sweden","25":"tag-swedish","26":"tag-top-stories","27":"tag-topstories","28":"tag-varlden","29":"tag-world","30":"tag-world-news","31":"tag-worldnews"},"share_on_mastodon":{"url":"https:\/\/pubeurope.com\/@se\/115503901155642261","error":""},"_links":{"self":[{"href":"https:\/\/www.europesays.com\/se\/wp-json\/wp\/v2\/posts\/73964","targetHints":{"allow":["GET"]}}],"collection":[{"href":"https:\/\/www.europesays.com\/se\/wp-json\/wp\/v2\/posts"}],"about":[{"href":"https:\/\/www.europesays.com\/se\/wp-json\/wp\/v2\/types\/post"}],"author":[{"embeddable":true,"href":"https:\/\/www.europesays.com\/se\/wp-json\/wp\/v2\/users\/2"}],"replies":[{"embeddable":true,"href":"https:\/\/www.europesays.com\/se\/wp-json\/wp\/v2\/comments?post=73964"}],"version-history":[{"count":0,"href":"https:\/\/www.europesays.com\/se\/wp-json\/wp\/v2\/posts\/73964\/revisions"}],"wp:featuredmedia":[{"embeddable":true,"href":"https:\/\/www.europesays.com\/se\/wp-json\/wp\/v2\/media\/73965"}],"wp:attachment":[{"href":"https:\/\/www.europesays.com\/se\/wp-json\/wp\/v2\/media?parent=73964"}],"wp:term":[{"taxonomy":"category","embeddable":true,"href":"https:\/\/www.europesays.com\/se\/wp-json\/wp\/v2\/categories?post=73964"},{"taxonomy":"post_tag","embeddable":true,"href":"https:\/\/www.europesays.com\/se\/wp-json\/wp\/v2\/tags?post=73964"}],"curies":[{"name":"wp","href":"https:\/\/api.w.org\/{rel}","templated":true}]}}