{"id":73966,"date":"2025-11-06T17:21:12","date_gmt":"2025-11-06T17:21:12","guid":{"rendered":"https:\/\/www.europesays.com\/se\/73966\/"},"modified":"2025-11-06T17:21:12","modified_gmt":"2025-11-06T17:21:12","slug":"det-kan-orsaka-kaliumbrist-expert-forklarar","status":"publish","type":"post","link":"https:\/\/www.europesays.com\/se\/73966\/","title":{"rendered":"Det kan orsaka kaliumbrist &#8211; expert f\u00f6rklarar"},"content":{"rendered":"<p><a data-test-tag=\"internal-link\" href=\"https:\/\/www.aftonbladet.se\/av\/agnes-ericson\" class=\"hyperion-css-13ns1rr\" rel=\"nofollow noopener\" target=\"\" aria-label=\"Se alla artiklar av Agn\u00e8s Ericson\"><img decoding=\"async\" class=\"image-asset hyperion-css-n6kkq1\" data-test-tag=\"image-asset\" src=\"https:\/\/www.europesays.com\/se\/wp-content\/uploads\/2025\/11\/1762449671_890_40e63808-cfdf-4edd-a8ec-9c54637d26da\"  alt=\"\"  loading=\"lazy\" fetchpriority=\"auto\" style=\"aspect-ratio:1900 \/ 1900\"\/><\/a><\/p>\n<p class=\"boxtextgrotesk-root_baa6 hyperion-css-7pajle\">Uppdaterad 17.58 | Publicerad 17.34<\/p>\n<p>share-arrowDela<\/p>\n<p>unsaveSpara<\/p>\n<p>expand-left<\/p>\n<p>helsk\u00e4rm<img decoding=\"async\" class=\"image-asset hyperion-css-u06ts1\" data-test-tag=\"image-asset\" src=\"https:\/\/www.europesays.com\/se\/wp-content\/uploads\/2025\/11\/ca3bf8cd-0dff-4b2e-8da3-1cfc0d0b8ce0\"  alt=\"\u201dDet \u00e4r ganska s\u00e5 vanligt att vattendrivande l\u00e4kemedel orsakar detta\u201d, s\u00e4ger Kai Knudsen. \"  loading=\"eager\" fetchpriority=\"high\" style=\"aspect-ratio:1900 \/ 1267\"\/>\u201dDet \u00e4r ganska s\u00e5 vanligt att vattendrivande l\u00e4kemedel orsakar detta\u201d, s\u00e4ger Kai Knudsen. Foto: Bj\u00f6rn Larsson Rosvall\/TT<\/p>\n<p class=\"hyperion-css-1shl3oz\" data-test-tag=\"lead-text\">Det \u00e4r ett mysterium vad som ligger bakom den den misst\u00e4nkta f\u00f6rgiftningen p\u00e5 Akademiska sjukhuset i Uppsala. <\/p>\n<p class=\"hyperion-css-1shl3oz\" data-test-tag=\"lead-text\">En bov i dramat kan vara godis, enligt f\u00f6rgiftningsexperten Kai Knudsen. <\/p>\n<p class=\"hyperion-css-1shl3oz\" data-test-tag=\"lead-text\">\u2013  Ett excessivt intag av lakrits kan g\u00f6ra en tr\u00f6tt och tagen. Och att man kan f\u00e5 oregelbunden hj\u00e4rtverksamhet, s\u00e4ger han. <\/p>\n<ul class=\"hyperion-css-e9gx76\" data-test-tag=\"list\">\n<li class=\"hyperion-css-1d843yr\">Tre anst\u00e4llda p\u00e5 barnavdelningen p\u00e5 Akademiska sjukhuset i Uppsala har drabbats av en misst\u00e4nkt f\u00f6rgiftning och polisen utreder det som tre m\u00f6jliga mordf\u00f6rs\u00f6k.<\/li>\n<li class=\"hyperion-css-1d843yr\">Orsaken till f\u00f6rgiftningen \u00e4r oklar, men teorier inkluderar h\u00f6gt intag av koffein, \u00f6verdriven konsumtion av lakrits, eller intag av l\u00e4kemedel som kan orsaka kaliumbrist.<\/li>\n<li class=\"hyperion-css-1d843yr\">F\u00f6rutom ovan n\u00e4mnda orsaker finns det vissa specifika f\u00f6rgiftningar som kan orsaka l\u00e5ga v\u00e4rden. Till exempel n\u00e5got reng\u00f6ringsmedel eller kontrastmedel som finns p\u00e5 sjukhuset.<\/li>\n<\/ul>\n<p>L\u00e4s mer<\/p>\n<p class=\"hyperion-css-1v9qo5x\">Tre anst\u00e4llda p\u00e5 barnavdelningen p\u00e5 <a data-test-tag=\"internal-link\" href=\"https:\/\/www.aftonbladet.se\/tagg\/akademiska-sjukhuset\" class=\"hyperion-css-15jkft9\" rel=\"nofollow noopener\" target=\"\" aria-label=\"Akademiska sjukhuset\">Akademiska sjukhuset<\/a> i <a data-test-tag=\"internal-link\" href=\"https:\/\/www.aftonbladet.se\/uppsala\" class=\"hyperion-css-15jkft9\" rel=\"nofollow noopener\" target=\"\" aria-label=\"Uppsala\">Uppsala<\/a> har v\u00e5rdats p\u00e5 intensiven efter att de p\u00e5 kort tid insjuknat i en misst\u00e4nkt f\u00f6rgiftning. <\/p>\n<p class=\"hyperion-css-1v9qo5x\">Polisen utreder det som tre misst\u00e4nkta mordf\u00f6rs\u00f6k. <\/p>\n<p class=\"hyperion-css-1v9qo5x\">Enligt Aftonbladets uppgifter ska de ha haft f\u00f6r l\u00e5ga kaliumv\u00e4rden. <\/p>\n<p class=\"hyperion-css-1v9qo5x\">Kai Knudsen, som \u00e4r intensivv\u00e5rdsl\u00e4kare p\u00e5 Sahlgrenska universitetssjukhuset och expert p\u00e5 f\u00f6rgiftningar, s\u00e4ger att tr\u00f6tthet \u00e4r det mest utm\u00e4rkande f\u00f6r de som drabbas av kaliumbrist. <\/p>\n<p class=\"hyperion-css-1v9qo5x\">\u2013 Man blir osedvanligt och onormalt tr\u00f6tt och tagen. Man orkar inte s\u00e5 mycket d\u00e5. Och sedan i uttalande fall s\u00e5 kan man f\u00e5 oregelbunden hj\u00e4rtverksamhet, s\u00e4ger Kai Knudsen. <\/p>\n<p>chevron-leftf\u00f6reg\u00e5ende<\/p>\n<ul class=\"carousel-container-viewport\" style=\"transform:translate3d(0%, 0, 0)\">\n<li class=\"carousel-slide\" style=\"z-index:1;filter:none(1);padding-bottom:52.25%\"><img decoding=\"async\" class=\"image-asset hyperion-css-u06ts1\" data-test-tag=\"image-asset\" src=\"https:\/\/www.europesays.com\/se\/wp-content\/uploads\/2025\/11\/1762449671_708_f0b47ecb-4df0-4163-9edd-cc7d7f8b88bd\"  alt=\"\"  fetchpriority=\"auto\" style=\"aspect-ratio:1200 \/ 627\"\/><\/li>\n<li class=\"carousel-slide\" style=\"filter:none(0.3);padding-bottom:52.25%\"><img decoding=\"async\" class=\"image-asset hyperion-css-u06ts1\" data-test-tag=\"image-asset\" src=\"https:\/\/www.europesays.com\/se\/wp-content\/uploads\/2025\/11\/9542b134-11ed-4b77-82b2-77c6b285214a\"  alt=\"\"  fetchpriority=\"auto\" style=\"aspect-ratio:1900 \/ 1267\"\/><\/li>\n<\/ul>\n<p>expand-left<\/p>\n<p>helsk\u00e4rmchevron-rightn\u00e4staFler anst\u00e4llda p\u00e5 barnavdelningen p\u00e5 Akademiska sjukhuset i Uppsala har v\u00e5rdats p\u00e5 intensiven. Arkivbild.<\/p>\n<p>1 \/ 2Foto: TT<\/p>\n<p class=\"hyperion-css-1v9qo5x\"><strong>Hur vanligt \u00e4r det att man beh\u00f6ver intensivv\u00e5rdas f\u00f6r s\u00e5dana h\u00e4r l\u00e5ga v\u00e4rden? <\/strong><\/p>\n<p class=\"hyperion-css-1v9qo5x\">\u2013 Det f\u00f6ljer ju ofta med n\u00e5gonting annat. Det \u00e4r s\u00e4llan som n\u00e5gon bara kommer in med kaliumbrist, s\u00e4ger Kai Knudsen. <\/p>\n<p>Kan vara ett prank <\/p>\n<p class=\"hyperion-css-1v9qo5x\">Det \u00e4r vanligt att mediciner kan ligga bakom bristen. En \u00f6verdriven konsumtion av astmamediciner eller diabetesmedicinen insulin kan orsakade det \u2013 och \u00e4ven blodtrycksmediciner, som ing\u00e5r i vattendrivande l\u00e4kemedel. <\/p>\n<p class=\"hyperion-css-1v9qo5x\">D\u00e5 f\u00f6rlorar man kalium genom urinen.<\/p>\n<p class=\"hyperion-css-1v9qo5x\">Kai Knudsen ber\u00e4ttar att ett vanligt och busigt prank bland l\u00e4karstudenter p\u00e5 70-talet var att h\u00e4lla i n\u00e5gra droppar vattendrivande l\u00e4kemedel i varandras te- eller kaffekoppar. <\/p>\n<p class=\"hyperion-css-1v9qo5x\">\u2013 D\u00e5 fick de sitta p\u00e5 toa en hel kv\u00e4ll, s\u00e4ger han.<\/p>\n<p>chevron-leftf\u00f6reg\u00e5ende<\/p>\n<ul class=\"carousel-container-viewport\" style=\"transform:translate3d(0%, 0, 0)\">\n<li class=\"carousel-slide\" style=\"z-index:1;filter:none(1);padding-bottom:66.68421%\"><img decoding=\"async\" class=\"image-asset hyperion-css-u06ts1\" data-test-tag=\"image-asset\" src=\"https:\/\/www.europesays.com\/se\/wp-content\/uploads\/2025\/11\/464b5ba7-c8fd-4de8-a54b-08112a375707\"  alt=\"\"  fetchpriority=\"auto\" style=\"aspect-ratio:1900 \/ 1267\"\/><\/li>\n<li class=\"carousel-slide\" style=\"filter:none(0.3);padding-bottom:66.68421%\"><img decoding=\"async\" class=\"image-asset hyperion-css-u06ts1\" data-test-tag=\"image-asset\" src=\"https:\/\/www.europesays.com\/se\/wp-content\/uploads\/2025\/11\/2b27b2f5-1e14-4526-927b-c7569a5dcc38\"  alt=\"\"  fetchpriority=\"auto\" style=\"aspect-ratio:1900 \/ 1267\"\/><\/li>\n<\/ul>\n<p>expand-left<\/p>\n<p>helsk\u00e4rmchevron-rightn\u00e4staMediciner kan ocks\u00e5 ligga bakom kaliumbrist.<\/p>\n<p>1 \/ 2Foto: Janerik Henriksson\/TT<\/p>\n<p>Teorin: Kan vara kaffe <\/p>\n<p class=\"hyperion-css-1v9qo5x\">En av polisens arbetshypoteser \u00e4r att h\u00f6ga intag av koffein ligger bakom f\u00f6rgiftningen, enligt Aftonbladets uppgifter. Det finns en koppling mellan dem tv\u00e5, s\u00e4ger Kai Knudsen. <\/p>\n<p class=\"hyperion-css-1v9qo5x\">Men att dricka en kaffekopp under fikan \u00e4r inte tillr\u00e4ckligt f\u00f6r att insjukna, menar Kai. <\/p>\n<p class=\"hyperion-css-1v9qo5x\"><strong>Hur mycket koffein beh\u00f6ver man inta d\u00e5? <\/strong><\/p>\n<p class=\"hyperion-css-1v9qo5x\">\u2013 Ja, mer \u00e4n vanligt kaffe, om vi s\u00e4ger s\u00e5, s\u00e4ger han.<\/p>\n<p>expand-left<\/p>\n<p>helsk\u00e4rm<img decoding=\"async\" class=\"image-asset hyperion-css-u06ts1\" data-test-tag=\"image-asset\" src=\"https:\/\/www.europesays.com\/se\/wp-content\/uploads\/2025\/11\/f99f13e7-b300-4ec1-b31b-43c08c082b15\"  alt=\"En av polisens arbetshypoteser \u00e4r att h\u00f6ga intag av koffein ligger bakom f\u00f6rgiftningen, enligt uppgifter till Aftonbladet.\"  loading=\"eager\" fetchpriority=\"high\" style=\"aspect-ratio:1900 \/ 1356\"\/>En av polisens arbetshypoteser \u00e4r att h\u00f6ga intag av koffein ligger bakom f\u00f6rgiftningen, enligt uppgifter till Aftonbladet. Foto:   Schibsted<\/p>\n<p class=\"hyperion-css-1v9qo5x\">Ut\u00f6ver det svarta guldet \u00e4r det k\u00e4nt att lakritsgodis kan ge l\u00e5ga v\u00e4rden.<\/p>\n<p class=\"hyperion-css-1v9qo5x\">Kai Knudsen ber\u00e4ttar att n\u00e5gon g\u00e5ng per \u00e5r f\u00e5r de in patienter som har \u00e4tit lite f\u00f6r mycket lakrits. <\/p>\n<p class=\"hyperion-css-1v9qo5x\">\u2013 Men f\u00f6r det mesta f\u00e5r du bara symtom som tr\u00f6tthet, som inte g\u00f6r att du kommer till sjukhus. Utan d\u00e5 \u00e4r ju i samband med n\u00e5got annat sjukdomstillst\u00e5nd, som till exempel diarr\u00e9er eller stora v\u00e4tskef\u00f6rluster genom urinen, s\u00e4ger han. <\/p>\n<p>Kan ha f\u00e5tt i sig reng\u00f6ringsmedel <\/p>\n<p class=\"hyperion-css-1v9qo5x\">Ut\u00f6ver det finns det vissa specifika f\u00f6rgiftningar som kan orsaka l\u00e5ga v\u00e4rden. Till exempel n\u00e5got reng\u00f6ringsmedel eller kontrastmedel som finns p\u00e5 sjukhuset. <\/p>\n<p class=\"hyperion-css-1v9qo5x\">Toluen \u00e4r en s\u00e5dan. <\/p>\n<p class=\"hyperion-css-1v9qo5x\">\u2013 Det \u00e4r ett l\u00f6sningsmedel som man kan f\u00e5 i sig genom sniffning, s\u00e4ger han.<\/p>\n<p class=\"hyperion-css-1v9qo5x\"><strong>Hur allvarligt kan det sluta om man har l\u00e5ga kaliumv\u00e4rden? <\/strong><\/p>\n<p class=\"hyperion-css-1v9qo5x\">\u2013 Det kan ge oregelbunden hj\u00e4rtverksamhet, framf\u00f6rallt f\u00f6rmaksflimmer. Men det kan ocks\u00e5 ge mer allvarliga hj\u00e4rtarytmier, allts\u00e5 f\u00f6r\u00e4ndringar p\u00e5 EKG:t. Det kan i extrema fall bli livshotande, men det \u00e4r v\u00e4ldigt s\u00e4llsynt. <\/p>\n<p class=\"hyperion-css-1v9qo5x\">Sjukhusets verksamhetschef Sofia Arwehed har tidigare sagt att det inte finns n\u00e5got som tyder p\u00e5 inomhusmilj\u00f6 eller l\u00e4kemedel ligger bakom f\u00f6rgiftningen. De ber\u00f6rda personerna \u00e4r utskrivna fr\u00e5n sjukhuset och m\u00e5r efter omst\u00e4ndigheterna bra. <\/p>\n","protected":false},"excerpt":{"rendered":"Uppdaterad 17.58 | Publicerad 17.34 share-arrowDela unsaveSpara expand-left helsk\u00e4rm\u201dDet \u00e4r ganska s\u00e5 vanligt att vattendrivande l\u00e4kemedel orsakar detta\u201d,&hellip;\n","protected":false},"author":2,"featured_media":73967,"comment_status":"","ping_status":"","sticky":false,"template":"","format":"standard","meta":{"footnotes":""},"categories":[5],"tags":[22,23,26,27,17,21,24,25,28,29,15,16,18,34,31,33,32,30,19,20],"class_list":{"0":"post-73966","1":"post","2":"type-post","3":"status-publish","4":"format-standard","5":"has-post-thumbnail","7":"category-rubriker","8":"tag-breaking-news","9":"tag-breakingnews","10":"tag-featured-news","11":"tag-featurednews","12":"tag-headlines","13":"tag-huvudnyheter","14":"tag-latest-news","15":"tag-latestnews","16":"tag-main-news","17":"tag-mainnews","18":"tag-news","19":"tag-nyheter","20":"tag-rubriker","21":"tag-se","22":"tag-svenska","23":"tag-sverige","24":"tag-sweden","25":"tag-swedish","26":"tag-top-stories","27":"tag-topstories"},"share_on_mastodon":{"url":"https:\/\/pubeurope.com\/@se\/115503909176631794","error":""},"_links":{"self":[{"href":"https:\/\/www.europesays.com\/se\/wp-json\/wp\/v2\/posts\/73966","targetHints":{"allow":["GET"]}}],"collection":[{"href":"https:\/\/www.europesays.com\/se\/wp-json\/wp\/v2\/posts"}],"about":[{"href":"https:\/\/www.europesays.com\/se\/wp-json\/wp\/v2\/types\/post"}],"author":[{"embeddable":true,"href":"https:\/\/www.europesays.com\/se\/wp-json\/wp\/v2\/users\/2"}],"replies":[{"embeddable":true,"href":"https:\/\/www.europesays.com\/se\/wp-json\/wp\/v2\/comments?post=73966"}],"version-history":[{"count":0,"href":"https:\/\/www.europesays.com\/se\/wp-json\/wp\/v2\/posts\/73966\/revisions"}],"wp:featuredmedia":[{"embeddable":true,"href":"https:\/\/www.europesays.com\/se\/wp-json\/wp\/v2\/media\/73967"}],"wp:attachment":[{"href":"https:\/\/www.europesays.com\/se\/wp-json\/wp\/v2\/media?parent=73966"}],"wp:term":[{"taxonomy":"category","embeddable":true,"href":"https:\/\/www.europesays.com\/se\/wp-json\/wp\/v2\/categories?post=73966"},{"taxonomy":"post_tag","embeddable":true,"href":"https:\/\/www.europesays.com\/se\/wp-json\/wp\/v2\/tags?post=73966"}],"curies":[{"name":"wp","href":"https:\/\/api.w.org\/{rel}","templated":true}]}}